{"id":1030,"date":"2019-12-22T16:40:00","date_gmt":"2019-12-22T16:40:00","guid":{"rendered":"http:\/\/yerdenizkooperatifi.org\/?p=1030"},"modified":"2021-03-30T13:13:29","modified_gmt":"2021-03-30T13:13:29","slug":"goztepe-kooperatifi-dukkani-acildi","status":"publish","type":"post","link":"https:\/\/yerdenizkooperatifi.org\/index.php\/2019\/12\/22\/goztepe-kooperatifi-dukkani-acildi\/","title":{"rendered":"G\u00f6ztepe Kooperatifi D\u00fckkan\u0131 A\u00e7\u0131ld\u0131"},"content":{"rendered":"\n<p>\u201cTemiz G\u0131da\u201d ya ula\u015fman\u0131n temel hak oldu\u011fundan hareketle 2017 y\u0131l\u0131 Temmuz ay\u0131nda&nbsp;G\u00f6ztepe\u2019de kooperatif \u00e7al\u0131\u015fmalar\u0131n\u0131 ba\u015flatt\u0131k. G\u0131da, sadece bir yemek meselesi de\u011fil ayn\u0131 zamanda emek, hak ve ya\u015fam meselesiydi bizim i\u00e7in.  Bunu tesis etmenin en kat\u0131l\u0131mc\u0131 ve demokratik yolu da kooperatifle\u015fmeydi. Bu nedenle kooperatifler gereklidir deyip kollar\u0131 s\u0131vad\u0131k. Dayan\u0131\u015fmay\u0131 g\u00fc\u00e7lendirmek niyetiyle forum, s\u00f6yle\u015fi, film g\u00f6sterimi, piknik gibi etkinlikler yapt\u0131k, yaz \/ bahar paketi ile \u00fcretici ile t\u00fcketici aras\u0131nda ba\u011f kurduk\u2026<\/p>\n\n\n\n<div id=\"section-gcf047a\" class=\"wp-block-gutentor-e6 section-gcf047a gutentor-element gutentor-element-image\"><div class=\"gutentor-element-image-box\"><div class=\"gutentor-image-thumb\"><img class=\"normal-image\" src=\"http:\/\/yerdenizkooperatifi.org\/wp-content\/uploads\/2021\/03\/acilis1.jpg\"\/><\/div><\/div><\/div>\n\n\n\n<p><strong>G\u00f6ztepe Kooperatifi Giri\u015fimi&nbsp;<\/strong>olarak, ya\u015famlar\u0131 yok eden kimyasal kullan\u0131m\u0131n\u0131n b\u0131rak\u0131lmas\u0131, ekolojik y\u0131k\u0131mlar\u0131n engellenmesi, biyo\u00e7e\u015fitlili\u011fin zenginle\u015fmesi, dayat\u0131lan hibrit veya GDO\u2019lu tohum yerine yerel\/yadigar tohumlar\u0131n kullan\u0131lmas\u0131, yerel \u00fcretim ve t\u00fcketimin s\u00fcreklili\u011finin sa\u011flanmas\u0131, emek s\u00f6m\u00fcr\u00fcs\u00fc ve cinsiyet e\u015fitsizli\u011finin engellenmesi, tekelle\u015fen \u015firketlerin oyunlar\u0131 ve yarat\u0131lan sava\u015flar\u0131n son bulmas\u0131, \u00fcretici eme\u011finin adil bedelle kar\u015f\u0131lanmas\u0131 ve t\u00fcketicinin adil bedelle ger\u00e7ek g\u0131daya ula\u015fmas\u0131n\u0131n m\u00fcmk\u00fcn oldu\u011funa vurgu yaparak \u00e7al\u0131\u015fmalar\u0131m\u0131za devam ettik..<\/p>\n\n\n\n<div id=\"section-g382ccd\" class=\"wp-block-gutentor-e6 section-g382ccd gutentor-element gutentor-element-image\"><div class=\"gutentor-element-image-box\"><div class=\"gutentor-image-thumb\"><img class=\"normal-image\" src=\"http:\/\/yerdenizkooperatifi.org\/wp-content\/uploads\/2021\/03\/acilis5.jpg\"\/><\/div><\/div><\/div>\n\n\n\n<p><strong>G\u00f6ztepe Kooperatifi <\/strong>olarak YerDeniz Kooperatifi&#8217;nin katk\u0131lar\u0131yla kendi yerelimizde bir d\u00fckkan a\u00e7t\u0131k ve \u00e7al\u0131\u015fmaya aktif kat\u0131lan kad\u0131nlar olarak d\u00fc\u015fledi\u011fimiz kooperatif \u00e7al\u0131\u015fmas\u0131na mekan\u0131m\u0131zda devam ediyoruz. 22 Aral\u0131k 2019&#8217;da kap\u0131lar\u0131n\u0131 a\u00e7t\u0131\u011f\u0131m\u0131z G\u00f6ztepe Kooperatifi, \u00fcretmeye, \u00fcreticilerle kentlileri bulu\u015fturmaya, g\u0131da hakk\u0131na sahip \u00e7\u0131kmaya devam ediyor&#8230;<\/p>\n\n\n\n<div id=\"section-gab492d\" class=\"wp-block-gutentor-e6 section-gab492d gutentor-element gutentor-element-image\"><div class=\"gutentor-element-image-box\"><div class=\"gutentor-image-thumb\"><img class=\"normal-image\" src=\"http:\/\/yerdenizkooperatifi.org\/wp-content\/uploads\/2021\/03\/acilis_afisi.jpg\"\/><\/div><\/div><\/div>\n","protected":false},"excerpt":{"rendered":"<p>\u201cTemiz G\u0131da\u201d ya ula\u015fman\u0131n temel hak oldu\u011fundan hareketle 2017 y\u0131l\u0131 Temmuz ay\u0131nda&nbsp;G\u00f6ztepe\u2019de kooperatif \u00e7al\u0131\u015fmalar\u0131n\u0131 ba\u015flatt\u0131k. G\u0131da, sadece bir yemek meselesi<\/p>\n","protected":false},"author":1,"featured_media":1032,"comment_status":"open","ping_status":"open","sticky":false,"template":"","format":"standard","meta":[],"categories":[39,4],"tags":[35,34,37],"gutentor_comment":0,"_links":{"self":[{"href":"https:\/\/yerdenizkooperatifi.org\/index.php\/wp-json\/wp\/v2\/posts\/1030"}],"collection":[{"href":"https:\/\/yerdenizkooperatifi.org\/index.php\/wp-json\/wp\/v2\/posts"}],"about":[{"href":"https:\/\/yerdenizkooperatifi.org\/index.php\/wp-json\/wp\/v2\/types\/post"}],"author":[{"embeddable":true,"href":"https:\/\/yerdenizkooperatifi.org\/index.php\/wp-json\/wp\/v2\/users\/1"}],"replies":[{"embeddable":true,"href":"https:\/\/yerdenizkooperatifi.org\/index.php\/wp-json\/wp\/v2\/comments?post=1030"}],"version-history":[{"count":4,"href":"https:\/\/yerdenizkooperatifi.org\/index.php\/wp-json\/wp\/v2\/posts\/1030\/revisions"}],"predecessor-version":[{"id":1356,"href":"https:\/\/yerdenizkooperatifi.org\/index.php\/wp-json\/wp\/v2\/posts\/1030\/revisions\/1356"}],"wp:featuredmedia":[{"embeddable":true,"href":"https:\/\/yerdenizkooperatifi.org\/index.php\/wp-json\/wp\/v2\/media\/1032"}],"wp:attachment":[{"href":"https:\/\/yerdenizkooperatifi.org\/index.php\/wp-json\/wp\/v2\/media?parent=1030"}],"wp:term":[{"taxonomy":"category","embeddable":true,"href":"https:\/\/yerdenizkooperatifi.org\/index.php\/wp-json\/wp\/v2\/categories?post=1030"},{"taxonomy":"post_tag","embeddable":true,"href":"https:\/\/yerdenizkooperatifi.org\/index.php\/wp-json\/wp\/v2\/tags?post=1030"}],"curies":[{"name":"wp","href":"https:\/\/api.w.org\/{rel}","templated":true}]}}