{"id":1140,"date":"2020-01-25T14:18:00","date_gmt":"2020-01-25T14:18:00","guid":{"rendered":"http:\/\/yerdenizkooperatifi.org\/?p=1140"},"modified":"2021-04-05T18:45:02","modified_gmt":"2021-04-05T18:45:02","slug":"devrek-gunesi-kooperatifi-ziyaretimiz","status":"publish","type":"post","link":"https:\/\/yerdenizkooperatifi.org\/index.php\/2020\/01\/25\/devrek-gunesi-kooperatifi-ziyaretimiz\/","title":{"rendered":"Devrek G\u00fcne\u015fi Kooperatifi Ziyaretimiz"},"content":{"rendered":"\n<p>\u0130lhan Ko\u00e7ulu ile birlikte YerDeniz Kooperatifi ve G\u00f6ztepe Kooperatifi olarak Zonguldakl\u0131 \u00fcreticimiz S.S. Devrek Merkez Dedeo\u011flu ve \u00c7olakpehlivan K\u00f6yleri Tar\u0131msal Kalk\u0131nma Kooperatifi&#8217;ne k\u0131sa ad\u0131yla Devrek G\u00fcne\u015fi\u2019ne \u00fcretici ziyareti d\u00fczenledik. Yakla\u015f\u0131k 5 saat s\u00fcren bir yolculuk sonras\u0131 \u0130stanbul\u2019dan Devre\u011fe ula\u015ft\u0131\u011f\u0131m\u0131zda, nefis bir kahvalt\u0131 bizi bekliyordu. Haz\u0131rlad\u0131klar\u0131 sofrada bir yandan \u00e7aylar\u0131m\u0131z\u0131 yudumlarken bir yandan ortak neler yapabilirizi konu\u015ftuk, dayan\u0131\u015fmay\u0131 \u00f6rmenin yollar\u0131n\u0131 arad\u0131k.<\/p>\n\n\n\n<div id=\"section-g4f924f\" class=\"wp-block-gutentor-e6 section-g4f924f gutentor-element gutentor-element-image\"><div class=\"gutentor-element-image-box\"><div class=\"gutentor-image-thumb\"><img class=\"normal-image\" src=\"http:\/\/yerdenizkooperatifi.org\/wp-content\/uploads\/2021\/03\/devrek1.jpg\"\/><\/div><\/div><\/div>\n\n\n\n<p>Devrek G\u00fcne\u015fi Kooperatifi kad\u0131nlar\u0131n kurdu\u011fu ve di\u015fleriyle t\u0131rnaklar\u0131yla var ettikleri bir kooperatif. Kooperatif kurucular\u0131ndan Saniye han\u0131m emekli olduktan sonra organik tar\u0131m kurslar\u0131na gidiyor. Babalar\u0131ndan kalma tarlalar\u0131nda k\u0131z karde\u015fleriyle birlikte \u00e7ilek yeti\u015ftiriyor. \u00c7ilekleri satmak i\u00e7in Pazar yeri aramaya ba\u015flad\u0131klar\u0131nda s\u0131k\u0131nt\u0131lar ba\u015f g\u00f6stermeye ba\u015fl\u0131yor ve maalesef pazarda yeti\u015ftirdikleri \u00e7ileklere yer bulam\u0131yorlar. O d\u00f6nem benzer sorunlar\u0131 ya\u015fayan \u00e7o\u011fu da birbirlerinin uzaktan, yak\u0131ndan akrabas\u0131 olan di\u011fer kad\u0131n \u00fcreticilerle tan\u0131\u015f\u0131yorlar. Konuyla ilgili Tar\u0131m \u0130l M\u00fcd\u00fcrl\u00fc\u011f\u00fc\u2019ne gidiyorlar ve oradaki bir memure onlara neden 8 kad\u0131n bir araya gelip kooperatif kurmuyorsunuz diyor. B\u00f6ylelikle bir araya gelen kad\u0131nlar civar k\u00f6yleri de i\u00e7ine alacak \u015fekilde kooperatifi kuruyorlar. Kooperatifin bulundu\u011fu bina tan\u0131d\u0131klar\u0131n\u0131n yeri imi\u015f, ba\u015flarda adres g\u00f6stermek i\u00e7in buray\u0131 kullan\u0131yorlar, sonras\u0131nda ise yan binay\u0131 da kiralayarak \u00fcretim alan\u0131na d\u00f6n\u00fc\u015ft\u00fcr\u00fcyorlar. Kooperatifin bug\u00fcn ortak say\u0131s\u0131 52\u2019ye ula\u015fm\u0131\u015f durumda. \u015eof\u00f6rleri d\u0131\u015f\u0131nda ortaklar\u0131n tamam\u0131 kad\u0131n.<\/p>\n\n\n\n<p>Ba\u015flarda kad\u0131nlar bir i\u015f yapamaz \u201c\u00fc\u00e7 be\u015f g\u00fcnde birbirlerinin sa\u00e7\u0131n\u0131 ba\u015f\u0131n\u0131 yolarlar\u201d da\u011f\u0131l\u0131r bu kooperatif diye g\u00fcl\u00fcp ge\u00e7enler olmu\u015f, di\u011fer esnaflara sa\u011flanan kolayl\u0131klar\u0131n hi\u00e7 biri sa\u011flanmam\u0131\u015f ve adeta zorluk \u00e7\u0131kar\u0131lmak istenmi\u015f, kredi almakta bile zorluk \u00e7ekmi\u015fler.<\/p>\n\n\n\n<p>Kooperatif kurulu\u015f s\u00fcrecinde belediyenin hibe etti\u011fi c\u00fczi bir miktar d\u0131\u015f\u0131nda bir destek almam\u0131\u015flar. Kad\u0131nlar yeri gelmi\u015f evlerinden kap kacak getirmi\u015fler, yeri gelmi\u015f hammaddeyi kendi paralar\u0131yla alm\u0131\u015flar ve yoktan bir kooperatif yaratm\u0131\u015flar. D\u0131\u015far\u0131dan destek istemiyoruz, \u00f6zg\u00fcc\u00fcm\u00fczle var olmak istiyoruz diyor kad\u0131nlar ve ekliyorlar, d\u0131\u015far\u0131dan destek verenler bir zaman sonra bizden bir\u015feyler isterler, biz buna kar\u015f\u0131y\u0131z\u2026<\/p>\n\n\n\n<p>Ba\u015flarda b\u00f6lgede bulunan askeriye ve \u00fcniversite gen\u00e7lerinin u\u011frak noktas\u0131 olmu\u015f. \u0130lk olarak g\u00f6zleme yap\u0131p satm\u0131\u015flar. \u0130yi bir gelir elde etmeye ba\u015flay\u0131nca iyi bir f\u0131r\u0131n al\u0131p \u00fcr\u00fcn gam\u0131n\u0131 \u00e7e\u015fitlendirmeye \u00e7al\u0131\u015fm\u0131\u015flar. F\u0131r\u0131n alm\u0131\u015flar ama f\u0131r\u0131n\u0131n kullan\u0131m\u0131 hakk\u0131nda kimseden destek g\u00f6rememi\u015fler. Kendi kendilerine \u00e7\u00f6zm\u00fc\u015fler f\u0131r\u0131n kullan\u0131m\u0131n\u0131. \u015eu an baklava d\u0131\u015f\u0131nda her\u015feyi bu f\u0131r\u0131nda pi\u015firebiliyorlar.<\/p>\n\n\n\n<div id=\"section-g2e3fab\" class=\"wp-block-gutentor-e6 section-g2e3fab gutentor-element gutentor-element-image\"><div class=\"gutentor-element-image-box\"><div class=\"gutentor-image-thumb\"><img class=\"normal-image\" src=\"http:\/\/yerdenizkooperatifi.org\/wp-content\/uploads\/2021\/03\/devrek2-scaled.jpg\"\/><\/div><\/div><\/div>\n\n\n\n<p>K\u00f6y okulu projesi de yeni istihdam alan\u0131 yaratmak amac\u0131yla ortaya \u00e7\u0131km\u0131\u015f. Proje kapsam\u0131nda Bat\u0131 Karadeniz Kalk\u0131nma Ajans\u0131 (BAKKA)\u2019dan destek alm\u0131\u015flar. At\u0131l durumdaki k\u00f6y okulunu kiralayan kad\u0131nlar yaz boyu bah\u00e7edeki \u00e7\u00f6pleri temizlemi\u015f, okul etraf\u0131na \u00e7it \u00e7ekmi\u015f, okul i\u00e7inde ta\u015f f\u0131r\u0131n yapm\u0131\u015f ve imalathaneyi i\u015fler hale getirmi\u015fler. \u00c7\u00f6p alan\u0131 olarak kullan\u0131lan harabe durumdaki okul binas\u0131ndan tertemiz bir imalathane yaratm\u0131\u015flar.<\/p>\n\n\n\n<p>K\u00f6y okulu i\u00e7inde tarhana, ekmek ve baklava \u00fcretimi var. Beyaz baklava dedikleri \u00fcr\u00fcnle ilgili g\u0131da m\u00fchendisi ve kooperatif orta\u011f\u0131 ve bir baklava ustas\u0131 olan Behiye han\u0131m\u0131n deneyimlerinden faydalan\u0131larak bir \u00fcretim y\u00f6ntemi belirlenmi\u015f. Tarhanada ise k\u00f6yl\u00fcden ald\u0131klar\u0131 k\u0131rm\u0131z\u0131 biberleri do\u011frayarak haz\u0131rlad\u0131klar\u0131 biber konsantresi, un, yo\u011furt ve tuz konularak hamuru yo\u011furduklar\u0131n\u0131 ve daha sonra kuruttuklar\u0131n\u0131 belirtiyorlar. \u00dcretim alan\u0131ndaki dizi dizi raflarda \u00fczeri kapal\u0131 olarak tarhanalar serilmi\u015f kurumaya b\u0131rak\u0131l\u0131yor. Esmer ve beyaz undan ek\u015fi mayal\u0131 ekmek \u00fcretimlerini de bu alanda ger\u00e7ekle\u015ftiriyorlar. Ek\u015fi mayay\u0131 dolapta saklad\u0131klar\u0131n\u0131 ihtiya\u00e7 oran\u0131nda ekmek say\u0131s\u0131na g\u00f6re \u00e7o\u011faltt\u0131klar\u0131n\u0131 s\u00f6yleyen kad\u0131nlar, haftada 800 ekmek yapacak kapasitelerinin oldu\u011funu ve kargo ile il d\u0131\u015f\u0131na ekmek g\u00f6nderebileceklerini belirtiyorlar.<\/p>\n\n\n\n<p>Okul yan\u0131ndaki misafirhane binas\u0131 da elden ge\u00e7irilmi\u015f ve i\u00e7ine pi\u015firme ocaklar\u0131 konulmu\u015f. Pekmez, marmelat ve re\u00e7el \u00fcretimlerini burada yap\u0131yorlar. Yine Devrek\u2019te yeti\u015fen \u00e7ilek, kay\u0131s\u0131, karadut gibi meyveler burada tad\u0131na doyulmaz re\u00e7ellere d\u00f6n\u00fc\u015f\u00fcyor. Devre\u011fe \u00f6zg\u00fc bitkilerden biri de k\u0131z\u0131lc\u0131k. Biz onu en \u00e7ok k\u0131z\u0131lc\u0131k sopas\u0131yla bilsekte k\u0131z\u0131lc\u0131k marmelat\u0131 ve k\u0131z\u0131lc\u0131k ek\u015fisi yine kooperatifin kendine has \u00fcretimlerinden. Kad\u0131nlar kadim bilgileri derleyip, \u00fcretimlerini de buna g\u00f6re yapmaya \u00e7al\u0131\u015f\u0131yorlar. \u0130malathaneleri gezdi\u011fimiz s\u00fcrece aya\u011f\u0131m\u0131zdan galo\u015f, ba\u015f\u0131m\u0131zdan bere eksik olmuyor.<\/p>\n\n\n\n<p>Okul bah\u00e7esinde ayr\u0131ca g\u00fcne\u015f pilleriyle \u00e7al\u0131\u015fan ta\u015f de\u011firmen var. Kooperatif&nbsp; temiz g\u0131da \u00fcretimini, temiz enerjiyle de ta\u00e7land\u0131rm\u0131\u015f. Yap\u0131m\u0131 iki y\u0131l s\u00fcren g\u00fcne\u015f enerjili ta\u015f de\u011firmen ile Kooperatif&nbsp; kendi enerjisini \u00fcretiyor. Kendi yeti\u015ftirdi\u011fi\/d\u0131\u015far\u0131dan temin etti\u011fi bu\u011fdaylar ta\u015f de\u011firmende un haline getiriliyor ve Kooperatif\u2019in hammaddesi de yine kad\u0131n \u00fcreticiler taraf\u0131ndan sa\u011flanm\u0131\u015f oluyor. Kad\u0131nlar imalathanelerini kurarken, temiz enerjiye ge\u00e7erken t\u00fcm bu s\u00fcre\u00e7lerde ba\u011f\u0131\u015f almak yerine bor\u00e7 para alarak ilerlemi\u015fler ve \u00f6zg\u00fc\u00e7leri ile var olmu\u015flar. &nbsp;<\/p>\n\n\n\n<div id=\"section-geffe25\" class=\"wp-block-gutentor-e6 section-geffe25 gutentor-element gutentor-element-image\"><div class=\"gutentor-element-image-box\"><div class=\"gutentor-image-thumb\"><img class=\"normal-image\" src=\"http:\/\/yerdenizkooperatifi.org\/wp-content\/uploads\/2021\/03\/devrek4-scaled.jpg\"\/><\/div><\/div><\/div>\n\n\n\n<p>Kooperatifin sat\u0131\u015f d\u00fckkan\u0131n\u0131n \u00fczerinde kiralad\u0131klar\u0131 alanda kad\u0131nlar, g\u00f6zleme, katmer, cevizli \u2013 \u0131spanakl\u0131 b\u00f6rekler, su b\u00f6re\u011fi gibi maharet isteyen ve h\u0131zl\u0131 t\u00fcketilen \u00fcr\u00fcnler \u00fcretiyorlar. Ziyaretimiz boyunca da kooperatifin m\u00fc\u015fterisi eksik olmad\u0131 hi\u00e7. Eri\u015fte \u00fcretimi de yine burada yap\u0131l\u0131yor. Sade veya \u00e7e\u015fnili olacaksa yine k\u00f6yl\u00fc \u00fcretimi \u0131spanak, \u0131s\u0131rgan gibi \u00f6nceden y\u0131kan\u0131p do\u011franm\u0131\u015f konsantre \u00fcr\u00fcnler un, tuz, su kar\u0131\u015f\u0131m\u0131na konularak hamur haline getiriliyor, sonra bezeleniyor ve kesilerek eri\u015fte olarak kurutuluyor. &nbsp;Ayr\u0131ca yeni yap\u0131lan Baston Kent\u2019te bir sat\u0131\u015f d\u00fckkan\u0131 daha a\u00e7may\u0131 planl\u0131yorlar.<\/p>\n\n\n\n<p>Hamur i\u015flerinde pek bir maharetli olan Behiye hn. 5 sene evvel kooperatife ortak olmu\u015f. Ba\u015flarda evde e\u015fiyle s\u0131k\u0131nt\u0131lar ya\u015fam\u0131\u015f, e\u015fi eve geldi\u011finde haz\u0131r yemek bulamamaktan kooperatifte \u00e7al\u0131\u015fmas\u0131na raz\u0131 olmam\u0131\u015f. \u015eimdilerde en az\u0131ndan dolaptaki yeme\u011fi \u0131s\u0131t\u0131p yemeyi \u00f6\u011frenmi\u015f&#8230; Behiye han\u0131m hayat\u0131m boyunca hi\u00e7 \u00e7al\u0131\u015fmad\u0131m, k\u00fc\u00e7\u00fck ya\u015fta evlendim, \u00e7ocuklar\u0131m oldu ama \u00e7al\u0131\u015fmay\u0131 hep istiyordum diyor. Kooperatifte \u00e7al\u0131\u015fmaya ba\u015flay\u0131nca gelirim olmaya ba\u015flad\u0131, \u015fimdi \u00e7ocuklar\u0131m evlense tek ba\u015f\u0131ma onlar\u0131n d\u00fc\u011f\u00fcnlerini yapabilirim kimseye muhta\u00e7 olmam diye d\u00fc\u015f\u00fcn\u00fcyorum diyor. Behiye han\u0131m ayr\u0131ca \u00fcniversiteye ba\u015flam\u0131\u015f, sosyal hizmetler b\u00f6l\u00fcm\u00fc \u00f6\u011frencisi. 44 Ya\u015f\u0131ndan sonra \u00fcniversite \u00f6\u011frencisi oldum diyor g\u00fclerek\u2026<\/p>\n\n\n\n<p>Kooperatif ortaklar\u0131 fuar ve e\u011fitim \u00e7al\u0131\u015fmalar\u0131na g\u00fcc\u00fc yetti\u011fince kat\u0131lmaya \u00e7al\u0131\u015f\u0131yor. Bu kat\u0131l\u0131mda da rotasyon sistemini hayata ge\u00e7irmi\u015fler. Her seferinde farkl\u0131 ortaklar\u0131 g\u00f6nderiyorlar bu t\u00fcrden \u00e7al\u0131\u015fmalara. Kimi \u00e7al\u0131\u015fmalara kat\u0131lanlar\u0131n masraflar\u0131 davet eden kurumca \u00f6denirken kimi \u00e7al\u0131\u015fmalar\u0131n masraflar\u0131 kooperatif b\u00fct\u00e7esinden kar\u015f\u0131lan\u0131yor. Kooperatifte 52 ortak olmas\u0131na kar\u015f\u0131n aktif olarak \u00e7al\u0131\u015fmalara kat\u0131lanlar\u0131n say\u0131s\u0131 15. Di\u011fer ortaklar\u0131n kooperatife kat\u0131l\u0131m s\u00fcreci \u00fcr\u00fcn\u00fcn\u00fc kooperatife satmak, kooperatifin Pazar yerini kullanmak gibi farkl\u0131 \u015fekillerde de olabiliyor. Kooperatife aktif kat\u0131lanlar ayda bir defa ortak toplant\u0131 yap\u0131yorlar. Bu toplant\u0131lara \u201ckafe g\u00fcn\u00fc\u201d diyorlar. \u00d6zellikle evden \u00e7\u0131kamayanlar i\u00e7in kafede bulu\u015fmak bir nevi sosyalle\u015fmek anlam\u0131na geliyor.<\/p>\n\n\n\n<p>En b\u00fcy\u00fck \u00f6zelliklerinin \u015feffafl\u0131k ve \u00f6zdisiplin oldu\u011funu belirtiyorlar. Kooperatif yeni bir \u00fcr\u00fcn alacaksa, herhangi bir orta\u011fa \u00f6deme yapacaksa gibi konular ortak toplant\u0131larda kararla\u015ft\u0131r\u0131l\u0131yor. Mali durumu k\u00f6t\u00fc olan ortaklara \u00f6ncelik vererek i\u00e7eriden para \u00e7ekilebiliyor. Aktif emek verenler yevmiye usul\u00fc \u00e7al\u0131\u015f\u0131yor ve \u00e7al\u0131\u015ft\u0131klar\u0131 g\u00fcn ba\u015f\u0131na ayl\u0131k al\u0131yorlar. Ayl\u0131k kazan\u00e7lar\u0131 asgari \u00fccretin \u00fczerinde olabiliyor. Kooperatifin \u00fcretti\u011fi art\u0131 de\u011fer ise kooperatif \u00e7al\u0131\u015fmalar\u0131na y\u00f6nlendiriliyor.<\/p>\n\n\n\n<p>Ge\u00e7mi\u015fte askeriyenin ta\u015f\u0131nmas\u0131 ile birlikte kooperatifin gelir d\u00fczeyi d\u00fc\u015fm\u00fc\u015f, baz\u0131 ortaklar\u0131 ayr\u0131lm\u0131\u015f. Dedeo\u011flu k\u00f6yl\u00fcleri aralar\u0131ndan ayr\u0131larak yeniden \u00e7ift\u00e7ili\u011fe d\u00f6nm\u00fc\u015fler, serac\u0131l\u0131k ve hayvanc\u0131l\u0131k yapmaya ba\u015flam\u0131\u015flar. Kad\u0131nlar yeni ortak almak istediklerini ama yeni istihdam alanlar\u0131 yaratmazlar ise mevcut durumun ancak bu kadar istihdam\u0131 sa\u011flad\u0131\u011f\u0131na dikkat \u00e7ekiyorlar. Bir de kad\u0131nlar i\u00e7in en b\u00fcy\u00fck handikap\u0131n \u00e7ocuklar oldu\u011funu s\u00f6yl\u00fcyorlar. Baz\u0131 kad\u0131nlar \u00e7al\u0131\u015fmak istese de \u00e7ocuklar\u0131n\u0131 b\u0131rakacak bir alan olmad\u0131\u011f\u0131ndan \u00e7al\u0131\u015fam\u0131yorlar. Kooperatif olarak kad\u0131nlar\u0131n \u00e7ocuklar\u0131n\u0131 g\u00fcvenle b\u0131rakacaklar\u0131 bir kre\u015fi de hayata ge\u00e7irmek istiyorlar. Kre\u015f projesi daha \u00e7ok kad\u0131n\u0131n \u00e7al\u0131\u015f\u0131p var olan kal\u0131plar\u0131 y\u0131kaca\u011f\u0131 bir mekanizmay\u0131 hayata ge\u00e7irecek gibi g\u00f6r\u00fcn\u00fcyor.<\/p>\n\n\n\n<p>Saniye han\u0131m iki y\u0131l kadar hem \u00e7ift\u00e7ilik yapm\u0131\u015f hem de kooperatif \u00e7al\u0131\u015fmalar\u0131nda yer alm\u0131\u015f. Sonralar\u0131 i\u015fler art\u0131nca \u00e7ift\u00e7ili\u011fi b\u0131rakmak zorunda kalm\u0131\u015f. Kooperatif \u00e7al\u0131\u015fmalar\u0131 s\u00fcresince k\u00f6t\u00fc birka\u00e7 deneyimleri de olmu\u015f. \u201c\u00d6zdisiplinle \u00e7al\u0131\u015fmas\u0131 gerekiyor buran\u0131n, ben kimseye d\u00f6n\u00fcp \u015funu yap bunu yap demem, i\u015fi varsa yapar burada biz birbirimize destek oluyoruz\u201d diyen Saniye han\u0131m \u201cBurada s\u00f6z sahibi olmak i\u00e7in emek verilmesi laz\u0131m\u201d diyor ve ekliyor \u201cEmek koyan kad\u0131nlar\u0131n haklar\u0131n\u0131 yiyemeyiz bu kooperatif onlar sayesinde var oldu.\u201d<\/p>\n\n\n\n<div id=\"section-g84991e\" class=\"wp-block-gutentor-e6 section-g84991e gutentor-element gutentor-element-image\"><div class=\"gutentor-element-image-box\"><div class=\"gutentor-image-thumb\"><img class=\"normal-image\" src=\"http:\/\/yerdenizkooperatifi.org\/wp-content\/uploads\/2021\/03\/devrek3-scaled.jpg\"\/><\/div><\/div><\/div>\n\n\n\n<p>Kooperatife ortak olabilmek i\u00e7in mutlaka bir h\u00fcnerin olmas\u0131n\u0131, Devrek veya yak\u0131n yerlerde ikamet edilmesi gerekti\u011fini s\u00f6yl\u00fcyor kad\u0131nlar. K\u00f6t\u00fc tecr\u00fcbelerden sonra \u015fimdi iki ay deneme s\u00fcresi koymu\u015flar. Bu s\u00fcre zarf\u0131nda ki\u015filik \u00f6zelliklerine bakt\u0131klar\u0131n\u0131 belirtiyorlar. Birbirlerinin uzaktan olsa da tan\u0131yor olmalar\u0131n\u0131n hem avantaj hem de dezavantaj oldu\u011funu belirtiyorlar. \u0130\u00e7lerine yeni gelecek birinin bu tan\u0131\u015f\u0131kl\u0131\u011f\u0131n birine iltimas ge\u00e7mede kullan\u0131laca\u011f\u0131n\u0131 d\u00fc\u015f\u00fcnebilece\u011fi endi\u015fesi var diyorlar. Ama ayn\u0131 zamanda birbirlerini tan\u0131yor olmak tart\u0131\u015fsalar bile birlikte karar almalar\u0131n\u0131 sa\u011fl\u0131yor. Biz deneye yan\u0131la \u00f6\u011frendik birlikte \u00e7al\u0131\u015fmay\u0131 diyorlar. Birbirlerine g\u00fcvendikleri g\u00f6zlerinden belli oluyor.<\/p>\n\n\n\n<p>Kad\u0131nlar baz\u0131 kurumlarla da takas usul\u00fc \u00e7al\u0131\u015ft\u0131klar\u0131n\u0131 belirtiyorlar. Pek \u00e7ok \u00fcr\u00fcnlerini ald\u0131klar\u0131 markete \u00f6demeyi ekmekle yap\u0131yorlar. Mahalle kasab\u0131ndan da et al\u0131p kar\u015f\u0131l\u0131\u011f\u0131nda un veriyorlar. Takas sisteminin daha geli\u015fmesi i\u015fleri kolayla\u015ft\u0131racakt\u0131r diyorlar.<\/p>\n\n\n\n<div id=\"section-g5a3069\" class=\"wp-block-gutentor-e6 section-g5a3069 gutentor-element gutentor-element-image\"><div class=\"gutentor-element-image-box\"><div class=\"gutentor-image-thumb\"><img class=\"normal-image\" src=\"http:\/\/yerdenizkooperatifi.org\/wp-content\/uploads\/2021\/03\/devrek5.jpg\"\/><\/div><\/div><\/div>\n\n\n\n<p>Kad\u0131nlar var olan i\u015f y\u00fck\u00fc nedeniyle kooperatifle ilgili fikir \u00fcretecek insanlara ihtiya\u00e7 duyduklar\u0131n\u0131 belirtiyorlar. Yeni teknolojiler konusunda bilgi ara\u015ft\u0131rabilecek, ileti\u015fim kanallar\u0131 konusunda destek olabilecek birilerine ihtiya\u00e7lar\u0131 var. \u00d6zellikle beyaz yakal\u0131 gen\u00e7lerin kooperatife kat\u0131lmas\u0131n\u0131 ve kooperatifi daha da ileriye ta\u015f\u0131nmas\u0131na yard\u0131m etmesini bekliyorlar.<\/p>\n\n\n\n<p>Kooperatif sat\u0131\u015f d\u00fckkan\u0131 raflar\u0131nda farkl\u0131 \u00fcreticilerin \u00fcr\u00fcnlerini de g\u00f6rmek m\u00fcmk\u00fcn. Amesia\u2019n\u0131n re\u00e7el, pekmez gibi \u00fcr\u00fcnleri, Zaybir\u2019in ballar\u0131 dayan\u0131\u015fma ama\u00e7l\u0131 sat\u0131l\u0131yor. Kad\u0131nlar ayr\u0131ca KEDEV (Kad\u0131n Eme\u011fini De\u011ferlendirme Vakf\u0131) gibi farkl\u0131 olu\u015fumlarla da dirsek temas\u0131 halindeler.<\/p>\n\n\n\n<p>Devrek G\u00fcne\u015fi Kooperatifi hayatta kalmak i\u00e7in ortaya \u00e7\u0131km\u0131\u015f ve binbir emekle var edilmi\u015f. Bu g\u00fc\u00e7l\u00fc kad\u0131nlardan ald\u0131\u011f\u0131m\u0131z enerjiyle oradan ayr\u0131ld\u0131k.<\/p>\n","protected":false},"excerpt":{"rendered":"<p>\u0130lhan Ko\u00e7ulu ile birlikte YerDeniz Kooperatifi ve G\u00f6ztepe Kooperatifi olarak Zonguldakl\u0131 \u00fcreticimiz S.S. Devrek Merkez Dedeo\u011flu ve \u00c7olakpehlivan K\u00f6yleri Tar\u0131msal<\/p>\n","protected":false},"author":1,"featured_media":1144,"comment_status":"open","ping_status":"open","sticky":false,"template":"","format":"standard","meta":[],"categories":[21,28],"tags":[50,37],"gutentor_comment":0,"_links":{"self":[{"href":"https:\/\/yerdenizkooperatifi.org\/index.php\/wp-json\/wp\/v2\/posts\/1140"}],"collection":[{"href":"https:\/\/yerdenizkooperatifi.org\/index.php\/wp-json\/wp\/v2\/posts"}],"about":[{"href":"https:\/\/yerdenizkooperatifi.org\/index.php\/wp-json\/wp\/v2\/types\/post"}],"author":[{"embeddable":true,"href":"https:\/\/yerdenizkooperatifi.org\/index.php\/wp-json\/wp\/v2\/users\/1"}],"replies":[{"embeddable":true,"href":"https:\/\/yerdenizkooperatifi.org\/index.php\/wp-json\/wp\/v2\/comments?post=1140"}],"version-history":[{"count":5,"href":"https:\/\/yerdenizkooperatifi.org\/index.php\/wp-json\/wp\/v2\/posts\/1140\/revisions"}],"predecessor-version":[{"id":1536,"href":"https:\/\/yerdenizkooperatifi.org\/index.php\/wp-json\/wp\/v2\/posts\/1140\/revisions\/1536"}],"wp:featuredmedia":[{"embeddable":true,"href":"https:\/\/yerdenizkooperatifi.org\/index.php\/wp-json\/wp\/v2\/media\/1144"}],"wp:attachment":[{"href":"https:\/\/yerdenizkooperatifi.org\/index.php\/wp-json\/wp\/v2\/media?parent=1140"}],"wp:term":[{"taxonomy":"category","embeddable":true,"href":"https:\/\/yerdenizkooperatifi.org\/index.php\/wp-json\/wp\/v2\/categories?post=1140"},{"taxonomy":"post_tag","embeddable":true,"href":"https:\/\/yerdenizkooperatifi.org\/index.php\/wp-json\/wp\/v2\/tags?post=1140"}],"curies":[{"name":"wp","href":"https:\/\/api.w.org\/{rel}","templated":true}]}}