{"id":1306,"date":"2019-12-10T10:26:00","date_gmt":"2019-12-10T10:26:00","guid":{"rendered":"http:\/\/yerdenizkooperatifi.org\/?p=1306"},"modified":"2021-03-30T12:35:40","modified_gmt":"2021-03-30T12:35:40","slug":"goztepe-kooperatifi-aciliyor-yesilist-com","status":"publish","type":"post","link":"https:\/\/yerdenizkooperatifi.org\/index.php\/2019\/12\/10\/goztepe-kooperatifi-aciliyor-yesilist-com\/","title":{"rendered":"G\u00f6ztepe Kooperatifi a\u00e7\u0131l\u0131yor &#8211; Ye\u015filist.com"},"content":{"rendered":"\n<p><strong><em>\u00dc\u00e7 y\u0131ld\u0131r varl\u0131\u011f\u0131n\u0131 G\u00f6ztepe Koopertatifi Giri\u015fimi olarak devam ettiren g\u00f6n\u00fcll\u00fclerin kurdu\u011fu G\u00f6ztepe Kooperatifi\u2019nin sat\u0131\u015f ma\u011fazas\u0131 a\u00e7\u0131l\u0131yor.<\/em><\/strong><\/p>\n\n\n\n<p>Feneryolu\u2019nda hizmet verecek olan d\u00fckk\u00e2n\u0131n a\u00e7\u0131l\u0131\u015f\u0131 22 Aral\u0131k Pazar g\u00fcn\u00fc saat 14:00\u2019te yap\u0131lacak.<\/p>\n\n\n\n<div id=\"section-g1177dd\" class=\"wp-block-gutentor-e6 section-g1177dd gutentor-element gutentor-element-image\"><div class=\"gutentor-element-image-box\"><div class=\"gutentor-image-thumb\"><img class=\"normal-image\" src=\"http:\/\/yerdenizkooperatifi.org\/wp-content\/uploads\/2021\/03\/acilis_afisi.jpg\"\/><\/div><\/div><\/div>\n\n\n\n<p>Kad\u0131k\u00f6y ve Be\u015fikta\u015f Kooperatifleri gibi G\u00f6ztepe Kooperatifi\u2019nde de sa\u011fl\u0131kl\u0131 ve \u00e7evre dostu \u00fcr\u00fcnler \u00fcreticiden t\u00fcketiciye arac\u0131s\u0131z ula\u015ft\u0131r\u0131lacak.<\/p>\n\n\n\n<p>Kooperatife ait d\u00fckk\u00e2n\u0131n adresi: Feneryolu Mahallesi, G\u00f6ktepe Sokak No:5 D\u00fckk\u00e2n:2 Kad\u0131k\u00f6y.<\/p>\n\n\n\n<p>Kooperatifle ilgili geli\u015fmeleri sosyal medya hesaplar\u0131ndan takip edebilirsiniz.<\/p>\n\n\n\n<p>Kaynak: <a href=\"https:\/\/www.yesilist.com\/goztepe-kooperatifi-aciliyor\/\">https:\/\/www.yesilist.com\/goztepe-kooperatifi-aciliyor\/<\/a><\/p>\n","protected":false},"excerpt":{"rendered":"<p>\u00dc\u00e7 y\u0131ld\u0131r varl\u0131\u011f\u0131n\u0131 G\u00f6ztepe Koopertatifi Giri\u015fimi olarak devam ettiren g\u00f6n\u00fcll\u00fclerin kurdu\u011fu G\u00f6ztepe Kooperatifi\u2019nin sat\u0131\u015f ma\u011fazas\u0131 a\u00e7\u0131l\u0131yor. Feneryolu\u2019nda hizmet verecek olan<\/p>\n","protected":false},"author":1,"featured_media":1307,"comment_status":"open","ping_status":"open","sticky":false,"template":"","format":"standard","meta":[],"categories":[4],"tags":[50,37],"gutentor_comment":0,"_links":{"self":[{"href":"https:\/\/yerdenizkooperatifi.org\/index.php\/wp-json\/wp\/v2\/posts\/1306"}],"collection":[{"href":"https:\/\/yerdenizkooperatifi.org\/index.php\/wp-json\/wp\/v2\/posts"}],"about":[{"href":"https:\/\/yerdenizkooperatifi.org\/index.php\/wp-json\/wp\/v2\/types\/post"}],"author":[{"embeddable":true,"href":"https:\/\/yerdenizkooperatifi.org\/index.php\/wp-json\/wp\/v2\/users\/1"}],"replies":[{"embeddable":true,"href":"https:\/\/yerdenizkooperatifi.org\/index.php\/wp-json\/wp\/v2\/comments?post=1306"}],"version-history":[{"count":2,"href":"https:\/\/yerdenizkooperatifi.org\/index.php\/wp-json\/wp\/v2\/posts\/1306\/revisions"}],"predecessor-version":[{"id":1329,"href":"https:\/\/yerdenizkooperatifi.org\/index.php\/wp-json\/wp\/v2\/posts\/1306\/revisions\/1329"}],"wp:featuredmedia":[{"embeddable":true,"href":"https:\/\/yerdenizkooperatifi.org\/index.php\/wp-json\/wp\/v2\/media\/1307"}],"wp:attachment":[{"href":"https:\/\/yerdenizkooperatifi.org\/index.php\/wp-json\/wp\/v2\/media?parent=1306"}],"wp:term":[{"taxonomy":"category","embeddable":true,"href":"https:\/\/yerdenizkooperatifi.org\/index.php\/wp-json\/wp\/v2\/categories?post=1306"},{"taxonomy":"post_tag","embeddable":true,"href":"https:\/\/yerdenizkooperatifi.org\/index.php\/wp-json\/wp\/v2\/tags?post=1306"}],"curies":[{"name":"wp","href":"https:\/\/api.w.org\/{rel}","templated":true}]}}