{"id":1321,"date":"2020-01-30T12:31:00","date_gmt":"2020-01-30T12:31:00","guid":{"rendered":"http:\/\/yerdenizkooperatifi.org\/?p=1321"},"modified":"2021-03-30T12:34:15","modified_gmt":"2021-03-30T12:34:15","slug":"kadin-kooperatifleri-bilgilendirme-toplantisi-gerceklestirildi-malkara-haber","status":"publish","type":"post","link":"https:\/\/yerdenizkooperatifi.org\/index.php\/2020\/01\/30\/kadin-kooperatifleri-bilgilendirme-toplantisi-gerceklestirildi-malkara-haber\/","title":{"rendered":"Kad\u0131n Kooperatifleri Bilgilendirme Toplant\u0131s\u0131 Ger\u00e7ekle\u015ftirildi &#8211; Malkara Haber"},"content":{"rendered":"\n<p>Kad\u0131nlar\u0131m\u0131za istihdam olu\u015fturmak ve kendi ayaklar\u0131n\u0131n \u00fczerinde durabilmelerini sa\u011flamak i\u00e7in Malkara Kent Konseyi Ba\u015fkanl\u0131\u011f\u0131 ve Tekirda\u011f Kad\u0131n Giri\u015fimciler komitesi taraf\u0131ndan 30 Ocak 2020 Per\u015fembe g\u00fcn\u00fc saat 14.00\u2019de Malkara Ticaret ve Sanayi Odas\u0131 Toplant\u0131 Salonu\u2019nda Kad\u0131n Kooperatifleri Bilgilendirme Toplant\u0131s\u0131 ger\u00e7ekle\u015ftirildi.<\/p>\n\n\n\n<p>Ger\u00e7ekle\u015ftirilen Toplant\u0131ya; Malkara Belediye Ba\u015fkan Yard\u0131mc\u0131s\u0131 Mustafa \u00d6zer, Belediye Meclis \u00dcyesi Nuran Ba\u015fk\u00fct\u00fck, Tekirda\u011f Kad\u0131n Giri\u015fimciler Kurulu \u0130cra Komitesi Ba\u015fkan\u0131 Aynur \u00c7e\u015fmeliler, Malkara Kent Konseyi Ba\u015fkan\u0131 Hasan Ak\u00e7ay, G\u00f6ztepe Kooperatifi \u00dcyeleri Nursel Polat, Cemile Ka\u00e7ar, Selma Ero\u011flu, YerDeniz Kooperatifi&#8217;nden \u00c7etin Durukano\u011flu, &nbsp;Adnan Avc\u0131, muhtarlar ve \u00fcreten kad\u0131nlar\u0131m\u0131z kat\u0131ld\u0131.<\/p>\n\n\n\n<div id=\"section-g20349d\" class=\"wp-block-gutentor-e6 section-g20349d gutentor-element gutentor-element-image\"><div class=\"gutentor-element-image-box\"><div class=\"gutentor-image-thumb\"><img class=\"normal-image\" src=\"http:\/\/yerdenizkooperatifi.org\/wp-content\/uploads\/2021\/03\/malkara1.jpg\"\/><\/div><\/div><\/div>\n\n\n\n<p>Toplant\u0131da kooperatif\u00e7ili\u011fin kalk\u0131nman\u0131n temeli oldu\u011funu belirten Belediye Ba\u015fkan Yard\u0131mc\u0131s\u0131 Mustafa \u00d6zer; \u201cKooperatif\u00e7ilikte insanlar\u0131n ilkeli, \u00f6zverili ve \u00e7ok \u00e7al\u0131\u015farak bir arada hareket etmesi gerekmektedir. B\u00f6lgemiz hayvanc\u0131l\u0131k b\u00f6lgesi, tar\u0131m b\u00f6lgesi ve imk\u00e2nlar\u0131 \u00e7ok fazla olan bir b\u00f6lge. Geli\u015fmi\u015f \u00fclkelerin temelinde kooperatif\u00e7ilik var. Kooperatif\u00e7ilikten insanlar \u00e7ok ciddi kazan\u00e7lar ve gelirler elde ediyorlar. Bizde Malkara Belediyesi olarak bu kooperatif\u00e7ili\u011fe destek veriyoruz. \u00dcretenin hak edenin kar\u015f\u0131l\u0131\u011f\u0131n\u0131n almas\u0131 gereken bir ortam yaratmam\u0131z gerekiyor.\u201d dedi.<\/p>\n\n\n\n<p>Toplant\u0131da Belediye Ba\u015fkan Yard\u0131mc\u0131s\u0131 Mustafa \u00d6zer\u2019in yan\u0131 s\u0131ra Tekirda\u011f Kad\u0131n Giri\u015fimciler Kurulu \u0130cra Komitesi Ba\u015fkan\u0131 Aynur \u00c7e\u015fmeliler, Malkara Kent Konseyi Ba\u015fkan\u0131 Hasan Ak\u00e7ay, G\u00f6ztepe Kooperatifi \u00dcyeleri Nursel Polat, Cemile Ka\u00e7ar, Selma Ero\u011flu, YerDeniz Kooperatifi&#8217;nden \u00c7etin Durukano\u011flu ve Adnan Avc\u0131 da bilgilendirme konu\u015fmas\u0131 ger\u00e7ekle\u015ftirdiler.<\/p>\n\n\n\n<p>Konu\u015fmalar\u0131n ard\u0131ndan toplant\u0131 soru cevap \u015feklinde son buldu.<\/p>\n\n\n\n<p>Kad\u0131n Kooperatifleri Bilgilendirme Toplant\u0131s\u0131 sonras\u0131nda toplant\u0131ya kat\u0131lan kat\u0131l\u0131mc\u0131lar Malkara Belediye Ba\u015fkan\u0131 Ula\u015f Yurdakul\u2019a ba\u015fkanl\u0131k makam\u0131nda ziyarette bulundular. Ziyarette Malkara Belediye Ba\u015fkan\u0131 Ula\u015f Yurdakul, toplant\u0131ya kat\u0131lan kat\u0131l\u0131mc\u0131lara \u00f6rg\u00fctlenme konusunda kooperatiflere her zaman destek vereceklerini belirtip, ziyaret i\u00e7in te\u015fekk\u00fcr etti.<\/p>\n\n\n\n<p>Kaynak: <a href=\"https:\/\/www.malkara.bel.tr\/guncel\/haberler\/kadin-kooperatifleri-bilgilendirme-toplantisi-gerceklestirildi\">https:\/\/www.malkara.bel.tr\/guncel\/haberler\/kadin-kooperatifleri-bilgilendirme-toplantisi-gerceklestirildi<\/a><\/p>\n","protected":false},"excerpt":{"rendered":"<p>Kad\u0131nlar\u0131m\u0131za istihdam olu\u015fturmak ve kendi ayaklar\u0131n\u0131n \u00fczerinde durabilmelerini sa\u011flamak i\u00e7in Malkara Kent Konseyi Ba\u015fkanl\u0131\u011f\u0131 ve Tekirda\u011f Kad\u0131n Giri\u015fimciler komitesi taraf\u0131ndan<\/p>\n","protected":false},"author":1,"featured_media":1322,"comment_status":"open","ping_status":"open","sticky":false,"template":"","format":"standard","meta":[],"categories":[4],"tags":[50,34,37,36],"gutentor_comment":0,"_links":{"self":[{"href":"https:\/\/yerdenizkooperatifi.org\/index.php\/wp-json\/wp\/v2\/posts\/1321"}],"collection":[{"href":"https:\/\/yerdenizkooperatifi.org\/index.php\/wp-json\/wp\/v2\/posts"}],"about":[{"href":"https:\/\/yerdenizkooperatifi.org\/index.php\/wp-json\/wp\/v2\/types\/post"}],"author":[{"embeddable":true,"href":"https:\/\/yerdenizkooperatifi.org\/index.php\/wp-json\/wp\/v2\/users\/1"}],"replies":[{"embeddable":true,"href":"https:\/\/yerdenizkooperatifi.org\/index.php\/wp-json\/wp\/v2\/comments?post=1321"}],"version-history":[{"count":3,"href":"https:\/\/yerdenizkooperatifi.org\/index.php\/wp-json\/wp\/v2\/posts\/1321\/revisions"}],"predecessor-version":[{"id":1539,"href":"https:\/\/yerdenizkooperatifi.org\/index.php\/wp-json\/wp\/v2\/posts\/1321\/revisions\/1539"}],"wp:featuredmedia":[{"embeddable":true,"href":"https:\/\/yerdenizkooperatifi.org\/index.php\/wp-json\/wp\/v2\/media\/1322"}],"wp:attachment":[{"href":"https:\/\/yerdenizkooperatifi.org\/index.php\/wp-json\/wp\/v2\/media?parent=1321"}],"wp:term":[{"taxonomy":"category","embeddable":true,"href":"https:\/\/yerdenizkooperatifi.org\/index.php\/wp-json\/wp\/v2\/categories?post=1321"},{"taxonomy":"post_tag","embeddable":true,"href":"https:\/\/yerdenizkooperatifi.org\/index.php\/wp-json\/wp\/v2\/tags?post=1321"}],"curies":[{"name":"wp","href":"https:\/\/api.w.org\/{rel}","templated":true}]}}