{"id":1554,"date":"2021-04-11T12:41:40","date_gmt":"2021-04-11T12:41:40","guid":{"rendered":"http:\/\/yerdenizkooperatifi.org\/?p=1554"},"modified":"2021-04-12T21:34:33","modified_gmt":"2021-04-12T21:34:33","slug":"yadigar-yerel-yerli-tohum-nedir","status":"publish","type":"post","link":"https:\/\/yerdenizkooperatifi.org\/index.php\/2021\/04\/11\/yadigar-yerel-yerli-tohum-nedir\/","title":{"rendered":"Yadigar\/Yerel\/Yerli Tohum Nedir?"},"content":{"rendered":"\n<p><\/p>\n\n\n\n<p>\u00d6ncelikle genel kullan\u0131mda olan Atal\u0131k\/Yerel\/Yerli tohum kavran\u0131n\u0131 neden kullanmad\u0131\u011f\u0131m\u0131z k\u0131saca a\u00e7\u0131klayal\u0131m. &#8220;Atal\u0131k tohum&#8221; kavram\u0131 tohumu cinsiyet eksenli tan\u0131mlad\u0131\u011f\u0131 i\u00e7in tohumun elde edilmesi ve\u00a0 yeniden \u00fcretilmesi konusundaki tarihsel ger\u00e7ekli\u011fi tersine \u00e7eviren bir kavramd\u0131r. B\u00fct\u00fcn bir tarihin yaz\u0131lmas\u0131ndaki erkek egemenli\u011finin tar\u0131m ve tohum alan\u0131ndaki en belirgin tan\u0131mlamas\u0131d\u0131r. Tohumu elde eden, yeniden \u00fcreten ve da\u011f\u0131tan kad\u0131nlar\u0131n eme\u011finin g\u00f6r\u00fcnmez k\u0131lan bir kavramd\u0131r. Biz bu y\u00fczden Yadigar\/Yerel\/Yerli tohum kavramlar\u0131n\u0131; hem ger\u00e7ek bilginin kayna\u011f\u0131n\u0131n bilinmesi hem de g\u00fcn\u00fcm\u00fczde bu s\u00fcrece emek verenlerin ve as\u0131l koruyucular\u0131n eme\u011finin g\u00f6r\u00fcn\u00fcr olmas\u0131 i\u00e7in\u00a0 bilin\u00e7li bir tercih olarak kullan\u0131yoruz.\u00a0 <\/p>\n\n\n\n<p>Yadigar kavram\u0131 1. bir kimseyi ya da bir olay\u0131 an\u0131msatan nesne (ya da kimse). 2. an\u0131msanmak i\u00e7in bir kimseye verilen nesne olarak tan\u0131mlanmaktad\u0131r. Tohum ya\u015fayan ku\u015faklara ge\u00e7mi\u015f ku\u015faklar\u0131n yadigar\u0131d\u0131r. Ataerkil egemenlik ili\u015fkilerinden ba\u011f\u0131ms\u0131z bir s\u00fcreci tan\u0131mlamaktad\u0131r.<\/p>\n\n\n\n<p>Peki nedir Yadigar\/Yerel\/Yerli tohum?<\/p>\n\n\n\n<p>Belirli bir co\u011frafyada o co\u011frafyan\u0131n iklim, toprak, su gibi ko\u015fullar\u0131n\u0131n \u00f6zelliklerini ta\u015f\u0131yan tohumlar yadigar\/yerel\/yerli tohumlard\u0131r.<\/p>\n\n\n\n<p>Bu co\u011frafyada tarihsel olara bulunmayan fakat sonradan getirilip co\u011frafyan\u0131n ko\u015fullar\u0131na uyum sa\u011flam\u0131\u015f olan tohumlar yerelle\u015fmi\u015f tohumlard\u0131r. \u00d6rne\u011fin Domates ve patates G\u00fcney Amerika&#8217;dan Avrupa&#8217;ya oradan ya\u015fad\u0131\u011f\u0131m\u0131z co\u011frafyaya gelmi\u015f, bu co\u011frafyaya uyum sa\u011flam\u0131\u015ft\u0131r.<\/p>\n\n\n\n<p>Yadigar\/yerli\/yerli tohum bir sonraki ekim i\u00e7in gerekli olan tohumun \u00fcretilmesini sa\u011flarlar. Hibrid ve GDO&#8217;lu tohumlar\u0131 her y\u0131l kapitalist \u015firketlerden yeniden almak ve &#8220;korunmak&#8221; i\u00e7in zehirli kimyasallar\u0131 kullanmak zorunda kal\u0131rlar.<\/p>\n","protected":false},"excerpt":{"rendered":"<p>\u00d6ncelikle genel kullan\u0131mda olan Atal\u0131k\/Yerel\/Yerli tohum kavran\u0131n\u0131 neden kullanmad\u0131\u011f\u0131m\u0131z k\u0131saca a\u00e7\u0131klayal\u0131m. &#8220;Atal\u0131k tohum&#8221; kavram\u0131 tohumu cinsiyet eksenli tan\u0131mlad\u0131\u011f\u0131 i\u00e7in tohumun<\/p>\n","protected":false},"author":1,"featured_media":1579,"comment_status":"open","ping_status":"open","sticky":false,"template":"","format":"standard","meta":[],"categories":[24],"tags":[],"gutentor_comment":0,"_links":{"self":[{"href":"https:\/\/yerdenizkooperatifi.org\/index.php\/wp-json\/wp\/v2\/posts\/1554"}],"collection":[{"href":"https:\/\/yerdenizkooperatifi.org\/index.php\/wp-json\/wp\/v2\/posts"}],"about":[{"href":"https:\/\/yerdenizkooperatifi.org\/index.php\/wp-json\/wp\/v2\/types\/post"}],"author":[{"embeddable":true,"href":"https:\/\/yerdenizkooperatifi.org\/index.php\/wp-json\/wp\/v2\/users\/1"}],"replies":[{"embeddable":true,"href":"https:\/\/yerdenizkooperatifi.org\/index.php\/wp-json\/wp\/v2\/comments?post=1554"}],"version-history":[{"count":2,"href":"https:\/\/yerdenizkooperatifi.org\/index.php\/wp-json\/wp\/v2\/posts\/1554\/revisions"}],"predecessor-version":[{"id":1600,"href":"https:\/\/yerdenizkooperatifi.org\/index.php\/wp-json\/wp\/v2\/posts\/1554\/revisions\/1600"}],"wp:featuredmedia":[{"embeddable":true,"href":"https:\/\/yerdenizkooperatifi.org\/index.php\/wp-json\/wp\/v2\/media\/1579"}],"wp:attachment":[{"href":"https:\/\/yerdenizkooperatifi.org\/index.php\/wp-json\/wp\/v2\/media?parent=1554"}],"wp:term":[{"taxonomy":"category","embeddable":true,"href":"https:\/\/yerdenizkooperatifi.org\/index.php\/wp-json\/wp\/v2\/categories?post=1554"},{"taxonomy":"post_tag","embeddable":true,"href":"https:\/\/yerdenizkooperatifi.org\/index.php\/wp-json\/wp\/v2\/tags?post=1554"}],"curies":[{"name":"wp","href":"https:\/\/api.w.org\/{rel}","templated":true}]}}