{"id":1556,"date":"2021-04-11T12:43:04","date_gmt":"2021-04-11T12:43:04","guid":{"rendered":"http:\/\/yerdenizkooperatifi.org\/?p=1556"},"modified":"2021-04-12T21:37:48","modified_gmt":"2021-04-12T21:37:48","slug":"yari-uretici-nedir","status":"publish","type":"post","link":"https:\/\/yerdenizkooperatifi.org\/index.php\/2021\/04\/11\/yari-uretici-nedir\/","title":{"rendered":"Yar\u0131-\u00fcretici nedir?"},"content":{"rendered":"\n<p><\/p>\n\n\n\n<p>Sermaye birikimin belirli b\u00f6lgeler ve kentlerde yo\u011funla\u015fmas\u0131 ile n\u00fcfusta bu b\u00f6lgelerde toplanmaktad\u0131r. Bu s\u00fcre\u00e7te g\u0131da \u00fcretiminden&nbsp; kopan kentli n\u00fcfus&nbsp; &#8220;t\u00fcketici&#8221; kavram\u0131n\u0131n i\u00e7inde tan\u0131mlanmaktad\u0131r.&nbsp; G\u0131da egemenli\u011fi \u00f6rg\u00fctlenmesi kapitalist \u00fcretim ili\u015fkilerinin kulland\u0131\u011f\u0131 s\u00fcrd\u00fcr\u00fclebilirlik, organik sertifikasyon, g\u0131da g\u00fcvenli\u011fi vs. kavramlardan kopu\u015fu, dayan\u0131\u015fma ve toplumsal fayda temelli yeni kavramlar\u0131n\u0131n kullan\u0131lmas\u0131 i\u00e7in bir zemin sunmaktad\u0131r.&nbsp;<\/p>\n\n\n\n<p>Bu bak\u0131\u015f a\u00e7\u0131s\u0131 ile G\u0131da egemenli\u011fi \u00f6rg\u00fctlenmesi s\u00fcreci i\u00e7inde k\u0131r ve kent\u00a0 \u00a0emek\u00e7ileri \u00f6znele\u015firler. Bu bak\u0131\u015f a\u00e7\u0131s\u0131 k\u0131r \u00fcreticilerini kentlilerin nesnesi haline getiren di\u011fer bak\u0131\u015f a\u00e7\u0131lar\u0131ndan farkl\u0131la\u015ft\u0131r\u0131r. \u00d6rne\u011fin &#8220;topluluk destekli tar\u0131m&#8221; bu s\u00fcrecin par\u00e7as\u0131 olarak ortaya \u00e7\u0131km\u0131\u015f pozitif ama yetersiz bir ad\u0131md\u0131r. K\u0131r emek\u00e7ilerini nesnele\u015ftirme ve &#8220;s\u00f6zle\u015fmeli \u00e7ift\u00e7i&#8221;li\u011fin inceltilmi\u015f bi\u00e7imde \u00fcretilmesi potansiyeli ta\u015f\u0131maktad\u0131r.<\/p>\n\n\n\n<p>G\u0131da egemenli\u011finde kentli emek\u00e7iler a\u00e7\u0131s\u0131ndan yar\u0131-\u00fcretici olmak; \u00fcretim s\u00fcrecine ili\u015fkin \u00fcretim beyanlar\u0131 ile ba\u015flayan, \u00fcreticilerin kent s\u00f6yle\u015fileri ve kentlerdeki \u00fcr\u00fcn kullan\u0131c\u0131lar\u0131n \u00fcretici ziyaretleri ile devam eden \u00fcretim s\u00fcrecinin sorunlar\u0131n\u0131n birlikte \u00e7\u00f6z\u00fclmesi ve planlamas\u0131 ile devam eden s\u00fcrecin sonunda &#8220;t\u00fcketici&#8221; olmaktan \u00e7\u0131kmakt\u0131r. \u00a0<\/p>\n","protected":false},"excerpt":{"rendered":"<p>Sermaye birikimin belirli b\u00f6lgeler ve kentlerde yo\u011funla\u015fmas\u0131 ile n\u00fcfusta bu b\u00f6lgelerde toplanmaktad\u0131r. Bu s\u00fcre\u00e7te g\u0131da \u00fcretiminden&nbsp; kopan kentli n\u00fcfus&nbsp; &#8220;t\u00fcketici&#8221;<\/p>\n","protected":false},"author":1,"featured_media":1570,"comment_status":"open","ping_status":"open","sticky":false,"template":"","format":"standard","meta":[],"categories":[24],"tags":[],"gutentor_comment":0,"_links":{"self":[{"href":"https:\/\/yerdenizkooperatifi.org\/index.php\/wp-json\/wp\/v2\/posts\/1556"}],"collection":[{"href":"https:\/\/yerdenizkooperatifi.org\/index.php\/wp-json\/wp\/v2\/posts"}],"about":[{"href":"https:\/\/yerdenizkooperatifi.org\/index.php\/wp-json\/wp\/v2\/types\/post"}],"author":[{"embeddable":true,"href":"https:\/\/yerdenizkooperatifi.org\/index.php\/wp-json\/wp\/v2\/users\/1"}],"replies":[{"embeddable":true,"href":"https:\/\/yerdenizkooperatifi.org\/index.php\/wp-json\/wp\/v2\/comments?post=1556"}],"version-history":[{"count":2,"href":"https:\/\/yerdenizkooperatifi.org\/index.php\/wp-json\/wp\/v2\/posts\/1556\/revisions"}],"predecessor-version":[{"id":1602,"href":"https:\/\/yerdenizkooperatifi.org\/index.php\/wp-json\/wp\/v2\/posts\/1556\/revisions\/1602"}],"wp:featuredmedia":[{"embeddable":true,"href":"https:\/\/yerdenizkooperatifi.org\/index.php\/wp-json\/wp\/v2\/media\/1570"}],"wp:attachment":[{"href":"https:\/\/yerdenizkooperatifi.org\/index.php\/wp-json\/wp\/v2\/media?parent=1556"}],"wp:term":[{"taxonomy":"category","embeddable":true,"href":"https:\/\/yerdenizkooperatifi.org\/index.php\/wp-json\/wp\/v2\/categories?post=1556"},{"taxonomy":"post_tag","embeddable":true,"href":"https:\/\/yerdenizkooperatifi.org\/index.php\/wp-json\/wp\/v2\/tags?post=1556"}],"curies":[{"name":"wp","href":"https:\/\/api.w.org\/{rel}","templated":true}]}}