{"id":2187,"date":"2022-10-07T15:42:49","date_gmt":"2022-10-07T15:42:49","guid":{"rendered":"http:\/\/yerdenizkooperatifi.org\/?p=2187"},"modified":"2022-10-13T14:29:06","modified_gmt":"2022-10-13T14:29:06","slug":"kadin-kooperatifciligi-endiseli-gozlem-gulnur-ispir","status":"publish","type":"post","link":"https:\/\/yerdenizkooperatifi.org\/index.php\/2022\/10\/07\/kadin-kooperatifciligi-endiseli-gozlem-gulnur-ispir\/","title":{"rendered":"Kad\u0131n Kooperatif\u00e7ili\u011fi Endi\u015feli G\u00f6zlem, G\u00fclnur \u0130spir"},"content":{"rendered":"\n<p><\/p>\n\n\n\n<p>Son d\u00f6nemin en pop\u00fcler g\u00fcndem maddesi olan kooperatif\u00e7ilikte \u2018Kad\u0131n kooperatif\u00e7ili\u011fini\u2019 bir kez daha ele alal\u0131m.<\/p>\n\n\n\n<p>Cinsiyet e\u015fitli\u011fi, sosyal ve \u00e7evresel dengenin s\u00fcrd\u00fcr\u00fclmesi, giri\u015fimcili\u011fin desteklenmesi, istihdam\u0131 art\u0131rma, kooperatif yoluyla \u00f6rg\u00fctlenmeyi gerektirir.<\/p>\n\n\n\n<p>Kooperatif\u00e7ilik yoluyla kad\u0131nlar kolektif kimliklerini in\u015fa edebilirler. Ki\u015finin kendini, ba\u015fka birinde tan\u0131mas\u0131 anlam\u0131na gelen kolektif kimlik, kooperatif\u00e7ilik arac\u0131l\u0131\u011f\u0131 ile kad\u0131n\u0131n hayat\u0131nda yer edinir. Kad\u0131nlar kad\u0131n kooperatif\u00e7ili\u011finin demokratik ortam\u0131nda, kendi seslerini duyurabilme \u015fans\u0131n\u0131 edinir.<\/p>\n\n\n\n<p>\u00dclkemizde 20 y\u0131ll\u0131k \u00e7ok gen\u00e7 bir ya\u015fa sahip Kad\u0131n kooperatif\u00e7ili\u011fi, kad\u0131nlar\u0131 \u00e7al\u0131\u015fma hayat\u0131na dahil ederek, ilk ba\u011f\u0131ms\u0131z gelirlerini kazand\u0131rarak kad\u0131n\u0131n ekonomik geli\u015fimine destek olurken bir yandan da kad\u0131n\u0131n sosyal ve psikolojik geli\u015fimine katk\u0131da bulunur.<\/p>\n\n\n\n<p>\u0130zmir gibi k\u00fclt\u00fcrel anlamda geli\u015fmi\u015fli\u011fi ile tan\u0131nan bir \u015fehirde bile kad\u0131n arkada\u015f\u0131na telefon numaras\u0131 verirken e\u015finden izin almak zorunda kalan kad\u0131nlar\u0131n oldu\u011fu bir ger\u00e7ek ise) yukarda say\u0131lanlar toplumsal a\u00e7\u0131dan san\u0131landan \u00e7ok daha derin ve k\u0131ymetlidir.<\/p>\n\n\n\n<p>Kad\u0131nlar kooperatifle\u015fme s\u00fcrecinde, ortak de\u011ferler, ortak edinimler, benzer zorluklar, benzer zaferler olu\u015fturmalar\u0131 sonucunda, birbirlerini \u2018aile\u2019 olarak g\u00f6rmeye ba\u015flarlar. Bu gelinen seviye \u2018Sosyal sermaye\u2019 d\u00fczeyinde ciddi bir art\u0131\u015fa olanak verir.<\/p>\n\n\n\n<p>Kad\u0131n Kooperatifleri, kad\u0131n\u0131n d\u00f6n\u00fc\u015f\u00fcm\u00fc \u00fczerindeki olumlu etkileri sayesinde \u00fclkemize b\u00fcy\u00fck bir hizmet sunmaktad\u0131r.<\/p>\n\n\n\n<p>Toplumsal dayatmalar ve etkin toplum elemanlar\u0131n\u0131n yapt\u0131r\u0131mlar\u0131 kad\u0131n\u0131n g\u00fc\u00e7lenmesinin \u00f6n\u00fcne ge\u00e7ebilir. Kad\u0131nlar karar alma s\u00fcre\u00e7lerine kat\u0131lma deneyimsizli\u011fi ve k\u00f6rle\u015ftirilmi\u015f \u00f6zg\u00fcvenleri dolay\u0131s\u0131yla toplumsal devaml\u0131l\u0131k kararlar\u0131nda yeteri kadar s\u00f6z sahibi de\u011fillerdir.<\/p>\n\n\n\n<p>Tam da bu eksikli\u011fi tamir edebilmek ad\u0131na yirmi y\u0131ll\u0131k bir ge\u00e7mi\u015fi olan KADIN KOOPERAT\u0130F\u00c7\u0130L\u0130\u011e\u0130 pelerinli bir kahraman edas\u0131yla imdada yeti\u015fmi\u015ftir.<\/p>\n\n\n\n<p>Peki son d\u00f6nem de bu kahramana yap\u0131lan nedir?<\/p>\n\n\n\n<p>Peki bu toplum kahramanlar\u0131n\u0131n bir siyasi ba\u015fl\u0131\u011fa ihtiyac\u0131 var m\u0131d\u0131r? Partiler aras\u0131 kad\u0131n kooperatifleri yar\u0131\u015fmas\u0131 m\u0131 d\u00fczenlenmesi planlanmaktad\u0131r?<\/p>\n\n\n\n<p>Partiler liderlik yar\u0131\u015f\u0131na girerken kad\u0131nlar\u0131 fon olarak kulland\u0131klar\u0131 \u00f6l\u00e7\u00fcde mi ba\u015far\u0131 sa\u011flayacaklard\u0131r?<\/p>\n\n\n\n<p>\u00dclkeyi y\u00f6netmeye, kad\u0131n\u0131 y\u00f6neterek mi ba\u015flanmak istenmektedir?<\/p>\n\n\n\n<p>Ya sonra. Sonra ne olacak? Yar\u0131\u015f\u0131n kazanan\u0131 belli olduktan sonra yar\u0131\u015f\u0131 kaybedenin kurdu\u011fu kooperatife ne olacak? Kuruldu\u011fu gibi da\u011f\u0131lacak m\u0131?<\/p>\n\n\n\n<p>Yiten umutlar?<\/p>\n\n\n\n<p>\u00c7al\u0131nan emek ve hayaller?<\/p>\n\n\n\n<p>Hi\u00e7 desteksiz sonsuz m\u00fccadele ile toplumda Kad\u0131n kooperatif\u00e7ili\u011fini kabullendirme \u00e7abas\u0131nda ki ger\u00e7ek kooperatif\u00e7ilerin emekleri?<\/p>\n\n\n\n<p>Kim \u00f6deyecek d\u00f6n\u00fc\u015fme a\u015famas\u0131nda kurutulmu\u015f ayd\u0131nl\u0131k gelece\u011fimizin hesab\u0131n\u0131? Kim \u00f6deyecek geli\u015fmekten yoksun b\u0131rak\u0131lm\u0131\u015f anayla b\u00fcy\u00fcyecek \u00e7ocu\u011fun vebalini?<\/p>\n\n\n\n<p>Yap\u0131 kooperatif\u00e7ili\u011finin hazin sonu ve kooperatif\u00e7ili\u011fe vurdu\u011fu a\u011f\u0131r damga hala haf\u0131zalardan silinememi\u015fken Kad\u0131n Kooperatif\u00e7ili\u011finde de olas\u0131 bir olumsuz geri bildirim, toplumsal a\u00e7\u0131dan \u00e7ok b\u00fcy\u00fck depremlere sebep olacakt\u0131r.<\/p>\n\n\n\n<p>Yasal zemin do\u011fru d\u00fcr\u00fcst anla\u015f\u0131lmadan) piyasa ko\u015fullar\u0131 takibi yap\u0131lmadan, kooperatif\u00e7ilik ruhuna ters d\u00fc\u015fen siyasi yap\u0131lanmalar taraf\u0131ndan \u015fekillendirilen kad\u0131n kooperatifleri uzun vadede \u00fclkemizde var olan veya var olacak olan kad\u0131n kooperatif\u00e7ili\u011fi yap\u0131lanmalar\u0131na ciddi zararlar verebilme potansiyeline sahiptirler.<\/p>\n\n\n\n<p>Kad\u0131n \u00fcretirken \u2018onun kooperatifi, bunun siyasi taban\u0131\u2019 gibi yaftalar\u0131 hak etmez, \u00f6tekile\u015ftirilmeyi hak etmez. Kad\u0131n kendi kendinin s\u00f6z s\u00f6yleyeni olmak i\u00e7in kad\u0131n kooperatifine g\u00f6n\u00fcl ba\u011flar. Kad\u0131n kooperatifinin amac\u0131 kad\u0131n\u0131 \u00f6zg\u00fcrle\u015ftirmektir.<\/p>\n\n\n\n<p>Yerelde kalk\u0131nmay\u0131, kad\u0131n refah\u0131n\u0131 artt\u0131rmay\u0131 hedef alan kad\u0131n kooperatif\u00e7ili\u011fi, asla ve asla fon olarak kullan\u0131lmamal\u0131 kullanmaya \u00e7al\u0131\u015fanlara ise \u015f\u00fcphe ile yakla\u015f\u0131lmal\u0131d\u0131r. Kimselerin kad\u0131n eme\u011fini birilerinin siyasi emellerine alet etmeye hakk\u0131 yoktur.<\/p>\n\n\n\n<p>Bizler kad\u0131n kooperatifi emek\u00e7ileri hangi sebeple olursa olsun elbette kooperatif\u00e7ilik u\u011fruna yola \u00e7\u0131km\u0131\u015f karde\u015flerimizi yaln\u0131z b\u0131rakmayaca\u011f\u0131z. Bilgi ve deneyimlerimizi her daim birbirimizle payla\u015faca\u011f\u0131z. Bu pop\u00fclerlik s\u00fcrecinden m\u00fcmk\u00fcn oldu\u011funca az hasarla kurtulmak temennimiz.<\/p>\n\n\n\n<p>\u00dclkemizde ki geli\u015fme s\u00fcrecini, kad\u0131n\u0131n i\u015f piyasas\u0131nda sa\u011flam temellere dayand\u0131r\u0131lm\u0131\u015f ak\u0131lc\u0131 kat\u0131l\u0131m\u0131n\u0131 kullanarak, geli\u015fimi h\u0131zl\u0131 ve dengeli bir bi\u00e7imde s\u00fcrd\u00fcrmek i\u00e7in kooperatif\u00e7ili\u011fin oldu\u011fundan daha fazla \u00f6neme sahip olmas\u0131 gerekti\u011fini, pop\u00fclerlikten geriye kooperatif \u00e7\u00f6pl\u00fcklerinin kalmas\u0131n\u0131n \u00f6n\u00fcne ge\u00e7ilmesi gerekti\u011fini savunuyoruz.<\/p>\n\n\n\n<p><strong>Kaynak: Biz kooperatif\u00e7ili\u011fin topluma kazand\u0131raca\u011f\u0131 olumlu geli\u015fmelere y\u00fcrekten inan\u0131yoruz.<\/strong><\/p>\n\n\n\n<figure class=\"wp-block-embed is-type-wp-embed is-provider-egeyon-haber wp-block-embed-egeyon-haber\"><div class=\"wp-block-embed__wrapper\">\n<blockquote class=\"wp-embedded-content\" data-secret=\"CadNDjMCtz\"><a href=\"https:\/\/www.egeyonhaber.com\/gulnur-ispir-yazdi-kadin-kooperatifciligi-endiseli-gozlem\/\">G\u00fclnur \u0130spir Yazd\u0131: Kad\u0131n kooperatif\u00e7ili\u011fi endi\u015feli g\u00f6zlem<\/a><\/blockquote><iframe class=\"wp-embedded-content\" sandbox=\"allow-scripts\" security=\"restricted\" style=\"position: absolute; clip: rect(1px, 1px, 1px, 1px);\" title=\"&#8220;G\u00fclnur \u0130spir Yazd\u0131: Kad\u0131n kooperatif\u00e7ili\u011fi endi\u015feli g\u00f6zlem&#8221; &#8212; Egey\u00f6n Haber\" src=\"https:\/\/www.egeyonhaber.com\/gulnur-ispir-yazdi-kadin-kooperatifciligi-endiseli-gozlem\/embed\/#?secret=ltrQGu9F6w#?secret=CadNDjMCtz\" data-secret=\"CadNDjMCtz\" width=\"600\" height=\"338\" frameborder=\"0\" marginwidth=\"0\" marginheight=\"0\" scrolling=\"no\"><\/iframe>\n<\/div><\/figure>\n","protected":false},"excerpt":{"rendered":"<p>Son d\u00f6nemin en pop\u00fcler g\u00fcndem maddesi olan kooperatif\u00e7ilikte \u2018Kad\u0131n kooperatif\u00e7ili\u011fini\u2019 bir kez daha ele alal\u0131m. Cinsiyet e\u015fitli\u011fi, sosyal ve \u00e7evresel<\/p>\n","protected":false},"author":1,"featured_media":2199,"comment_status":"open","ping_status":"open","sticky":false,"template":"","format":"standard","meta":[],"categories":[4],"tags":[80,35,75,116],"gutentor_comment":0,"_links":{"self":[{"href":"https:\/\/yerdenizkooperatifi.org\/index.php\/wp-json\/wp\/v2\/posts\/2187"}],"collection":[{"href":"https:\/\/yerdenizkooperatifi.org\/index.php\/wp-json\/wp\/v2\/posts"}],"about":[{"href":"https:\/\/yerdenizkooperatifi.org\/index.php\/wp-json\/wp\/v2\/types\/post"}],"author":[{"embeddable":true,"href":"https:\/\/yerdenizkooperatifi.org\/index.php\/wp-json\/wp\/v2\/users\/1"}],"replies":[{"embeddable":true,"href":"https:\/\/yerdenizkooperatifi.org\/index.php\/wp-json\/wp\/v2\/comments?post=2187"}],"version-history":[{"count":4,"href":"https:\/\/yerdenizkooperatifi.org\/index.php\/wp-json\/wp\/v2\/posts\/2187\/revisions"}],"predecessor-version":[{"id":2207,"href":"https:\/\/yerdenizkooperatifi.org\/index.php\/wp-json\/wp\/v2\/posts\/2187\/revisions\/2207"}],"wp:featuredmedia":[{"embeddable":true,"href":"https:\/\/yerdenizkooperatifi.org\/index.php\/wp-json\/wp\/v2\/media\/2199"}],"wp:attachment":[{"href":"https:\/\/yerdenizkooperatifi.org\/index.php\/wp-json\/wp\/v2\/media?parent=2187"}],"wp:term":[{"taxonomy":"category","embeddable":true,"href":"https:\/\/yerdenizkooperatifi.org\/index.php\/wp-json\/wp\/v2\/categories?post=2187"},{"taxonomy":"post_tag","embeddable":true,"href":"https:\/\/yerdenizkooperatifi.org\/index.php\/wp-json\/wp\/v2\/tags?post=2187"}],"curies":[{"name":"wp","href":"https:\/\/api.w.org\/{rel}","templated":true}]}}