{"id":2310,"date":"2023-01-19T13:22:31","date_gmt":"2023-01-19T13:22:31","guid":{"rendered":"http:\/\/yerdenizkooperatifi.org\/?p=2310"},"modified":"2023-01-19T13:23:54","modified_gmt":"2023-01-19T13:23:54","slug":"dayanisma-ekonomilerini-tabandan-destekleyelim","status":"publish","type":"post","link":"https:\/\/yerdenizkooperatifi.org\/index.php\/2023\/01\/19\/dayanisma-ekonomilerini-tabandan-destekleyelim\/","title":{"rendered":"Dayan\u0131\u015fma Ekonomilerini Tabandan Destekleyelim"},"content":{"rendered":"\n<p><em>Dayan\u0131\u015fma Ekonomisi Derne\u011fi, Brighton, \u0130ngiltere<\/em><\/p>\n\n\n\n<p>*Kitle fonlama kampanyam\u0131z\u0131 hen\u00fcz ba\u011f\u0131\u015f yapmam\u0131\u015f olanlar i\u00e7in 23 Aral\u0131k Cuma g\u00fcn\u00fc ( Yaz\u0131 Aral\u0131k 2022&#8217;de yay\u0131nland\u0131)  sonland\u0131rmak \u00fczere bir hafta daha uzatt\u0131k&#8230; <\/p>\n\n\n\n<p class=\"has-medium-font-size\">2023 y\u0131l\u0131 boyunca mevcut \u00e7al\u0131\u015fmalar\u0131m\u0131z\u0131 s\u00fcrd\u00fcrmek, kapitalizme alternatif  dayan\u0131\u015fma ekonomisi kurmak ve g\u00fc\u00e7lendirmek, ekolojik olarak s\u00fcrd\u00fcr\u00fclebilir, dayan\u0131kl\u0131 ve adil bir ekonomik sistemin in\u015fas\u0131nda rol oynamak amac\u0131yla minimum 18.000 \u00a3 toplamak i\u00e7in deste\u011finize ihtiyac\u0131m\u0131z var.<br>L\u00fctfen g\u00fcc\u00fcn\u00fcz oran\u0131nda destek olun ve kampanyam\u0131z\u0131 arkada\u015flar\u0131n\u0131zla, ailenizle ve i\u015f arkada\u015flar\u0131n\u0131zla payla\u015f\u0131n. Yapm\u0131\u015f oldu\u011funuz deste\u011fin k\u00fc\u00e7\u00fck bir mebla\u011f oldu\u011funu d\u00fc\u015f\u00fcnmeyin, bu ba\u011f\u0131\u015flar kar\u015f\u0131l\u0131\u011f\u0131nda size \u00e7e\u015fitli hediyeler sunuyoruz. Kampanyan\u0131n ilk haftas\u0131nda ba\u011f\u0131\u015f yapman\u0131z durumunda ise \u00f6d\u00fcl\u00fcn\u00fcz\u00fc Noel&#8217;e kadar g\u00f6ndermi\u015f olaca\u011f\u0131z.<\/p>\n\n\n\n<figure class=\"wp-block-embed is-type-video is-provider-vimeo wp-block-embed-vimeo wp-embed-aspect-16-9 wp-has-aspect-ratio\"><div class=\"wp-block-embed__wrapper\">\n<iframe loading=\"lazy\" title=\"Support building the solidarity economy from below.\" src=\"https:\/\/player.vimeo.com\/video\/774195508?h=e225e82e7a&amp;dnt=1&amp;app_id=122963\" width=\"910\" height=\"512\" frameborder=\"0\" allow=\"autoplay; fullscreen; picture-in-picture\" allowfullscreen><\/iframe>\n<\/div><\/figure>\n\n\n\n<p class=\"has-medium-font-size\"><strong>Biz Kimiz?<\/strong><\/p>\n\n\n\n<p class=\"has-medium-font-size\">\u0130ngiltere, Galler ve \u0130sko\u00e7ya merkezli, b\u00fcy\u00fck hedefleri olan ama ayn\u0131 zamanda k\u00fc\u00e7\u00fck bir kooperatif olan Dayan\u0131\u015fma Ekonomileri Birli\u011fi&#8217;yiz. Bu adalarda dayan\u0131\u015fma ekonomisi in\u015fa etmek ve d\u00fcnyan\u0131n di\u011fer b\u00f6lgelerinde kapitalist sisteme kar\u015f\u0131 ger\u00e7ek alternatifler geli\u015ftiren hareketleri ve hareketler aras\u0131ndaki ili\u015fkileri derinle\u015ftirmek istiyoruz.<br>\u00d6\u011frenmeyi \u00f6rg\u00fctl\u00fcyoruz, \u00f6zerkli\u011fi in\u015fa ediyoruz, ili\u015fkiler geli\u015ftiriyoruz ve \u0130ngiltere ba\u011flam\u0131nda eksik g\u00f6rd\u00fc\u011f\u00fcm\u00fcz enternasyonalist bak\u0131\u015f a\u00e7\u0131s\u0131yla yerel, b\u00f6lgesel ve ulusal \u00f6rg\u00fctlenmeler ba\u015flat\u0131yoruz. \u00c7al\u0131\u015fmalar\u0131m\u0131z, dayan\u0131\u015fma ekonomisi hareketi i\u00e7in at\u00f6lye \u00e7al\u0131\u015fmalar\u0131 d\u00fczenlemekten, dijital ara\u00e7lar ve e\u011fitim tabanl\u0131 web siteler olu\u015fturmaya ve geli\u015ftirmeye, yerel ve ulusal dayan\u0131\u015fma ekonomisi gruplar\u0131yla ve uluslararas\u0131 dayan\u0131\u015fma a\u011flar\u0131yla \u00e7al\u0131\u015fmaya ve ba\u011f\u0131\u015f toplamaya kadar uzan\u0131yor.<br>2020&#8217;den bu yana, Rojava i\u00e7in Su kampanyam\u0131z arac\u0131l\u0131\u011f\u0131yla Kuzey ve Do\u011fu Suriye&#8217;de hayati \u00f6nem ta\u015f\u0131yan su projelerini desteklemek i\u00e7in 150.000 \u00a3&#8217;un \u00fczerinde para toplad\u0131k. 2021&#8217;de, g\u00f6\u00e7men adaleti, i\u015f\u00e7i s\u0131n\u0131f\u0131 m\u00fccadeleleri, kad\u0131n \u00f6zg\u00fcrl\u00fc\u011f\u00fc, toprak ve g\u0131da egemenli\u011fi ve di\u011fer d\u00f6n\u00fc\u015ft\u00fcr\u00fcc\u00fc adalet alanlar\u0131nda \u00f6n saflarda \u00e7al\u0131\u015fan yatay olarak y\u00f6netilen taban \u00f6rg\u00fctlerini desteklemeye ve aralar\u0131nda ba\u011flar kurmaya odaklanan \u0130ngiltere \u00e7ap\u0131nda bir \u00f6rg\u00fctlenme a\u011f\u0131 olan SEON (Dayan\u0131\u015fma Ekonomisi \u00d6rg\u00fctleri A\u011f\u0131)&#8217;n\u0131 kurduk. Kar\u015f\u0131l\u0131kl\u0131 yard\u0131mla\u015fma ve dayan\u0131\u015fma ekonomisi etraf\u0131nda kaynaklar\u0131 payla\u015fmaya ve yaymaya y\u00f6nelik platformlar olu\u015fturmaya da devam ettik. Bunlar aras\u0131nda yak\u0131nda ba\u015flat\u0131lacak olan bir kar\u015f\u0131l\u0131kl\u0131 yard\u0131m sitesinin kurulmas\u0131 ve hemen her k\u0131tada \u00f6zerklik olu\u015fturan ve \u00e7eviri yoluyla enternasyonalist bilgi al\u0131\u015fveri\u015fi ve deneyim payla\u015f\u0131m\u0131 eksikli\u011fini a\u015fan kurulu\u015flardan \u00f6\u011frenmeyi ama\u00e7layan \u201cezberbozanlar ile sohbetler\u201d isimli son \u00e7evrimi\u00e7i seminer serimiz (6 dilde e\u015fzamanl\u0131 terc\u00fcme ile) yer al\u0131yor.&nbsp;<\/p>\n\n\n\n<p class=\"has-medium-font-size\"><strong>Neye ihtiyac\u0131m\u0131z var?<\/strong><\/p>\n\n\n\n<p class=\"has-medium-font-size\">Bu \u00e7al\u0131\u015fmalar\u0131 yapmaya devam edebilmemiz ve daha fazla kurulu\u015f ile topluluk grubuna ula\u015fabilmemiz i\u00e7in deste\u011finize ihtiyac\u0131m\u0131z var!<\/p>\n\n\n\n<p class=\"has-medium-font-size\">2023&#8217;\u00fcn ilk yar\u0131s\u0131 itibariyle farkl\u0131 gruplar ve hareketler aras\u0131ndaki ili\u015fki kurmak, tabandan dayan\u0131\u015fma ekonomisini g\u00fc\u00e7lendirmek ve in\u015fa etmek i\u00e7in; birlikte bir strateji olu\u015fturan, i\u00e7 i\u00e7e ge\u00e7mi\u015f faaliyet alanlar\u0131m\u0131z\u0131 geli\u015ftirmeye devam etmek ve ekolojik olarak s\u00fcrd\u00fcr\u00fclebilir, dayan\u0131kl\u0131, adil bir ekonomik sistem in\u015fa etmek ad\u0131na deste\u011finize ihtiyac\u0131m\u0131z var.<br><\/p>\n\n\n\n<p class=\"has-medium-font-size\"><strong>Ne Yap\u0131yoruz?<\/strong><\/p>\n\n\n\n<div class=\"wp-block-media-text alignwide is-stacked-on-mobile\" style=\"grid-template-columns:28% auto\"><figure class=\"wp-block-media-text__media\"><img loading=\"lazy\" width=\"365\" height=\"365\" src=\"http:\/\/yerdenizkooperatifi.org\/wp-content\/uploads\/2023\/01\/mezopotamya-365x365.png\" alt=\"\" class=\"wp-image-2319 size-medium\" srcset=\"https:\/\/yerdenizkooperatifi.org\/wp-content\/uploads\/2023\/01\/mezopotamya-365x365.png 365w, https:\/\/yerdenizkooperatifi.org\/wp-content\/uploads\/2023\/01\/mezopotamya.png 567w\" sizes=\"(max-width: 365px) 100vw, 365px\" \/><\/figure><div class=\"wp-block-media-text__content\">\n<p class=\"has-medium-font-size\">Biz 2016&#8217;dan beri Kuzey ve Do\u011fu Suriye&#8217;deki (Rojava) kooperatiflerle fark\u0131ndal\u0131k geli\u015ftiren ve dayan\u0131\u015fma ili\u015fkileri geli\u015ftiren bir proje olan Mezopotamya&#8217;da \u0130\u015fbirli\u011fi&#8217;nin arkas\u0131ndaki kurulu\u015fuz. Ayn\u0131 zamanda Rojava&#8217;y\u0131 desteklemek i\u00e7in yap\u0131lan bir eyleme ilk kez bir \u201ckooperatif bloku\u201d olarak kat\u0131ld\u0131k ve bir dizi dayan\u0131\u015fma giri\u015fimini koordine edip destekledik.&nbsp;<br><a rel=\"noreferrer noopener\" href=\"http:\/\/www.mesopotamia.coop\/\" target=\"_blank\">www.mesopotamia.coop<\/a>&nbsp;adl\u0131 web sitemizi Kuzey ve Do\u011fu Suriye&#8217;deki sivil ya\u015fam ve ge\u00e7im kaynaklar\u0131yla ilgili haberler \u0131\u015f\u0131\u011f\u0131nda d\u00fczenli olarak g\u00fcncelliyoruz. <\/p>\n<\/div><\/div>\n\n\n\n<div class=\"wp-block-media-text alignwide is-stacked-on-mobile\" style=\"grid-template-columns:27% auto\"><figure class=\"wp-block-media-text__media\"><img loading=\"lazy\" width=\"840\" height=\"840\" src=\"http:\/\/yerdenizkooperatifi.org\/wp-content\/uploads\/2023\/01\/su_rojava-840x840.png\" alt=\"\" class=\"wp-image-2328 size-medium\" srcset=\"https:\/\/yerdenizkooperatifi.org\/wp-content\/uploads\/2023\/01\/su_rojava-840x840.png 840w, https:\/\/yerdenizkooperatifi.org\/wp-content\/uploads\/2023\/01\/su_rojava-365x365.png 365w, https:\/\/yerdenizkooperatifi.org\/wp-content\/uploads\/2023\/01\/su_rojava-768x768.png 768w, https:\/\/yerdenizkooperatifi.org\/wp-content\/uploads\/2023\/01\/su_rojava-1536x1536.png 1536w, https:\/\/yerdenizkooperatifi.org\/wp-content\/uploads\/2023\/01\/su_rojava-2048x2048.png 2048w\" sizes=\"(max-width: 840px) 100vw, 840px\" \/><\/figure><div class=\"wp-block-media-text__content\">\n<p class=\"has-medium-font-size\">5 milyon insan\u0131n su k\u0131tl\u0131\u011f\u0131yla kar\u015f\u0131 kar\u015f\u0131ya kald\u0131\u011f\u0131 Kuzey ve Do\u011fu Suriye&#8217;deki hayati su altyap\u0131s\u0131 i\u00e7in 2020&#8217;den bu yana 150.000 \u00a3 &#8216;un \u00fczerinde ba\u015far\u0131l\u0131 bir \u015fekilde toplanan ve da\u011f\u0131t\u0131lan \u201cRojava i\u00e7in Su\u201d kampanyas\u0131n\u0131 ba\u015flatt\u0131k ve koordine ettik.<\/p>\n<\/div><\/div>\n\n\n\n<p class=\"has-medium-font-size\">2021&#8217;de, neoliberal kapitalist sistem taraf\u0131ndan en \u00e7ok marjinalize edilen insanlar taraf\u0131ndan y\u00f6netilen ve onlar\u0131 desteklemek i\u00e7in \u00e7al\u0131\u015fan taban gruplar\u0131 aras\u0131nda kapasite ve koordinasyon olu\u015fturmak i\u00e7in Dayan\u0131\u015fma Ekonomisi \u00d6rg\u00fctlerileri A\u011f\u0131&#8217;n\u0131 (SE-ON) kurduk. A\u011f, G\u00f6\u00e7men Haklar\u0131 ve G\u00fc\u00e7lendirme \u00d6rg\u00fct\u00fc (MORE), S\u0131n\u0131f \u00c7al\u0131\u015fmalar\u0131 Projesi ve Ekonomik S\u00f6m\u00fcrgesizle\u015ftirme \u00f6rg\u00fctlerinin bir araya gelmesi ile kuruldu ve \u00fc\u00e7 taban \u00f6rg\u00fct\u00fcn\u00fc daha b\u00fcnyesine katarak yeni bir a\u015fama ba\u015flatmaya haz\u0131rlan\u0131yor. <\/p>\n\n\n\n<div class=\"wp-block-media-text alignwide has-media-on-the-right is-stacked-on-mobile\" style=\"grid-template-columns:auto 22%\"><figure class=\"wp-block-media-text__media\"><img loading=\"lazy\" width=\"672\" height=\"840\" src=\"http:\/\/yerdenizkooperatifi.org\/wp-content\/uploads\/2023\/01\/oyunbozan-672x840.jpg\" alt=\"\" class=\"wp-image-2322 size-medium\" srcset=\"https:\/\/yerdenizkooperatifi.org\/wp-content\/uploads\/2023\/01\/oyunbozan-672x840.jpg 672w, https:\/\/yerdenizkooperatifi.org\/wp-content\/uploads\/2023\/01\/oyunbozan-292x365.jpg 292w, https:\/\/yerdenizkooperatifi.org\/wp-content\/uploads\/2023\/01\/oyunbozan-768x960.jpg 768w, https:\/\/yerdenizkooperatifi.org\/wp-content\/uploads\/2023\/01\/oyunbozan.jpg 1080w\" sizes=\"(max-width: 672px) 100vw, 672px\" \/><\/figure><div class=\"wp-block-media-text__content\">\n<p class=\"has-medium-font-size\">Bir yandan dayan\u0131\u015fmay\u0131 in\u015fa ederken bir yandan da bilgi ve deneyimi uluslararas\u0131 hale getirmek ve payla\u015fmak i\u00e7in alt\u0131 k\u0131tada Dayan\u0131\u015fma Ekonomisi \u00fczerine \u00e7al\u0131\u015fan ilham verici ve devrimci \u00f6rg\u00fctlerin yer ald\u0131\u011f\u0131, \u00e7ok dilli terc\u00fcme ile \u201cEzberbozanlar ile Sohbetler\u201d isimli bir dizi \u00e7evrimi\u00e7i seminere ev sahipli\u011fi yap\u0131yoruz.<\/p>\n<\/div><\/div>\n\n\n\n<div class=\"wp-block-media-text alignwide has-media-on-the-right is-stacked-on-mobile\" style=\"grid-template-columns:auto 22%\"><figure class=\"wp-block-media-text__media\"><img loading=\"lazy\" width=\"840\" height=\"594\" src=\"http:\/\/yerdenizkooperatifi.org\/wp-content\/uploads\/2023\/01\/politikegitim-840x594.jpg\" alt=\"\" class=\"wp-image-2324 size-medium\" srcset=\"https:\/\/yerdenizkooperatifi.org\/wp-content\/uploads\/2023\/01\/politikegitim-840x594.jpg 840w, https:\/\/yerdenizkooperatifi.org\/wp-content\/uploads\/2023\/01\/politikegitim-516x365.jpg 516w, https:\/\/yerdenizkooperatifi.org\/wp-content\/uploads\/2023\/01\/politikegitim-768x543.jpg 768w, https:\/\/yerdenizkooperatifi.org\/wp-content\/uploads\/2023\/01\/politikegitim.jpg 1157w\" sizes=\"(max-width: 840px) 100vw, 840px\" \/><\/figure><div class=\"wp-block-media-text__content\">\n<p class=\"has-medium-font-size\">Kooperatifleri daha geni\u015f bir hareketin par\u00e7as\u0131 olarak yorumlayan d\u00fcnya \u00e7ap\u0131ndaki ya\u015fayan hareket \u00f6rnekleriyle kooperatiflerin tarihini ve potansiyellerini daha iyi anlamak ad\u0131na, kooperatifler i\u00e7in politik e\u011fitim at\u00f6lyeleri geli\u015ftiriyoruz.<\/p>\n<\/div><\/div>\n\n\n\n<div class=\"wp-block-media-text alignwide is-stacked-on-mobile\" style=\"grid-template-columns:27% auto\"><figure class=\"wp-block-media-text__media\"><img loading=\"lazy\" width=\"243\" height=\"243\" src=\"http:\/\/yerdenizkooperatifi.org\/wp-content\/uploads\/2023\/01\/sinif-calismasi.png\" alt=\"\" class=\"wp-image-2326 size-medium\"\/><\/figure><div class=\"wp-block-media-text__content\">\n<p class=\"has-medium-font-size\">\u0130\u015fbirlikleri yapmak ve eri\u015fimimizi geni\u015fletmek i\u00e7in di\u011fer kurulu\u015flarla da ortakl\u0131k kuruyoruz. \u00d6rne\u011fin s\u0131n\u0131f sisteminin bu t\u00fcr topluluklar\u0131n i\u00e7inde nas\u0131l yeniden \u00fcretildi\u011fini anlamak, kooperatiflere ve tabandan gelen toplumsal hareketlere dair ele\u015ftirel bir bak\u0131\u015f i\u00e7in Class Work Project (S\u0131n\u0131f \u00c7al\u0131\u015fmas\u0131 Projesi)  ile i\u015fbirli\u011fi i\u00e7inde Brighton&#8217;da S\u0131n\u0131f ve Kooperatifler \u00fczerine yo\u011fun kat\u0131l\u0131ml\u0131 bir hafta sonu \u00e7al\u0131\u015ftay\u0131 d\u00fczenledik.<\/p>\n<\/div><\/div>\n\n\n\n<div id=\"section-g6c69dc\" class=\"wp-block-gutentor-e6 section-g6c69dc gutentor-element gutentor-element-image\"><div class=\"gutentor-element-image-box\"><div class=\"gutentor-image-thumb\"><img class=\"normal-image\" src=\"http:\/\/yerdenizkooperatifi.org\/wp-content\/uploads\/2023\/01\/sinifcalismasi_atolye.jpg\"\/><\/div><\/div><\/div>\n\n\n\n<p class=\"has-medium-font-size\"><\/p>\n\n\n\n<ul class=\"has-medium-font-size\"><li>&nbsp;Transition Liverpool gibi b\u00f6lgesel gruplardan International Co-operative Alliance (Uluslararas\u0131 Kooperatifler Birli\u011fi) gibi uluslararas\u0131 federasyonlara kadar \u00e7ok \u00e7e\u015fitli kurulu\u015flarla \u00e7al\u0131\u015farak geli\u015fmi\u015f dijital dizin ve haritalama sistemlerinin olu\u015fturulmas\u0131nda etkili olduk.<\/li><\/ul>\n\n\n\n<ul class=\"has-medium-font-size\"><li>&nbsp;Kooperatif, dayan\u0131\u015fma ekonomisi ve kolektif arazi hareketlerine bir dizi uygun fiyatl\u0131 veri payla\u015f\u0131m\u0131 servisleri, haritalama ara\u00e7lar\u0131 ve hizmetleri sa\u011flaman\u0131n yan\u0131 s\u0131ra daha iyi veri standartlar\u0131 ve payla\u015f\u0131m protokolleri i\u00e7in bask\u0131 yapmak amac\u0131yla Shared Assets ile ortakl\u0131k i\u00e7indeki Digital Commons Cooperative&#8217;inin (Dijital M\u00fc\u015fterekler Kooperatifi) kurucular\u0131ndan\u0131z.&nbsp;<\/li><\/ul>\n\n\n\n<ul class=\"has-medium-font-size\"><li>&nbsp;Finansmana nas\u0131l eri\u015filece\u011fi, ba\u015far\u0131l\u0131 bir kitle fonlamas\u0131 kampanyas\u0131n\u0131n nas\u0131l y\u00fcr\u00fct\u00fclece\u011fi veya i\u00e7 demokrasi etraf\u0131nda fikirler \u00fczerinde d\u00fc\u015f\u00fcnmeye nas\u0131l yard\u0131mc\u0131 olunaca\u011f\u0131 gibi konularda bir dizi dayan\u0131\u015fma ekonomisi grubuna d\u00fczenli y\u00f6nlendirmelerde bulunup destek sunuyoruz.<\/li><\/ul>\n\n\n\n<ul class=\"has-medium-font-size\"><li>&nbsp;Yerel ihtiya\u00e7lar\u0131 kar\u015f\u0131layan ve Oxford&#8217;da e\u015fitsizlikle m\u00fccadele eden, yerel olarak y\u00f6netilen, yerel topluluklara ait i\u015fletmeleri desteklemek i\u00e7in Topluluk Refah\u0131 Olu\u015fturma yakla\u015f\u0131m\u0131n\u0131 benimseyen\u201cOwned By Oxford\u201d projesini birlikte kurduk.<\/li><\/ul>\n\n\n\n<div id=\"section-gc72444\" class=\"wp-block-gutentor-e6 section-gc72444 gutentor-element gutentor-element-image\"><div class=\"gutentor-element-image-box\"><div class=\"gutentor-image-thumb\"><img class=\"normal-image\" src=\"http:\/\/yerdenizkooperatifi.org\/wp-content\/uploads\/2023\/01\/oxford.png\"\/><\/div><\/div><\/div>\n\n\n\n<p class=\"has-medium-font-size\"><strong>\u00d6d\u00fcller!<\/strong><\/p>\n\n\n\n<p class=\"has-medium-font-size\">Crowdfunder&#8217;a yap\u0131lan ba\u011f\u0131\u015flar i\u00e7in minnettarl\u0131\u011f\u0131m\u0131z\u0131 g\u00f6stermek i\u00e7in \u00e7e\u015fitli \u00f6d\u00fcllerimiz var.<\/p>\n\n\n\n<p class=\"has-medium-font-size\">Calverts \u0130\u015f\u00e7i Kooperatifi taraf\u0131ndan bas\u0131lan posterler&nbsp;<\/p>\n\n\n\n<div id=\"section-g88bac1\" class=\"wp-block-gutentor-e6 section-g88bac1 gutentor-element gutentor-element-image\"><div class=\"gutentor-element-image-box\"><div class=\"gutentor-image-thumb\"><img class=\"normal-image\" src=\"http:\/\/yerdenizkooperatifi.org\/wp-content\/uploads\/2023\/01\/calvert.jpg\"\/><\/div><\/div><\/div>\n\n\n\n<p class=\"has-medium-font-size\">S\u00fcrd\u00fcr\u00fclebilir malzemelerle \u00fcretilmi\u015f bask\u0131l\u0131 ti\u015f\u00f6rt&nbsp;<\/p>\n\n\n\n<div id=\"section-g1bdb38\" class=\"wp-block-gutentor-e6 section-g1bdb38 gutentor-element gutentor-element-image\"><div class=\"gutentor-element-image-box\"><div class=\"gutentor-image-thumb\"><img class=\"normal-image\" src=\"http:\/\/yerdenizkooperatifi.org\/wp-content\/uploads\/2023\/01\/tisort.jpg\"\/><\/div><\/div><\/div>\n\n\n\n<p class=\"has-medium-font-size\">Sticker<\/p>\n\n\n\n<div id=\"section-g6e8fd2\" class=\"wp-block-gutentor-e6 section-g6e8fd2 gutentor-element gutentor-element-image\"><div class=\"gutentor-element-image-box\"><div class=\"gutentor-image-thumb\"><img class=\"normal-image\" src=\"http:\/\/yerdenizkooperatifi.org\/wp-content\/uploads\/2023\/01\/patronsuzdunya.jpg\"\/><\/div><\/div><\/div>\n\n\n\n<p class=\"has-medium-font-size\">Unicorn \u0130\u015f\u00e7i Kooperatifi&#8217;nden bez \u00e7antalar<\/p>\n\n\n\n<div id=\"section-gd27bac\" class=\"wp-block-gutentor-e6 section-gd27bac gutentor-element gutentor-element-image\"><div class=\"gutentor-element-image-box\"><div class=\"gutentor-image-thumb\"><img class=\"normal-image\" src=\"http:\/\/yerdenizkooperatifi.org\/wp-content\/uploads\/2023\/01\/1669210804_from_unicorn.jpg\"\/><\/div><\/div><\/div>\n\n\n\n<p class=\"has-medium-font-size\">Chiapas&#8217;tan el i\u015flemeli Zapatista bluzlar\u0131<\/p>\n\n\n\n<div id=\"section-gd9a655\" class=\"wp-block-gutentor-e6 section-gd9a655 gutentor-element gutentor-element-image\"><div class=\"gutentor-element-image-box\"><div class=\"gutentor-image-thumb\"><img class=\"normal-image\" src=\"http:\/\/yerdenizkooperatifi.org\/wp-content\/uploads\/2023\/01\/zapatista-scaled.jpg\"\/><\/div><\/div><\/div>\n\n\n\n<p class=\"has-medium-font-size\">Maxine Peake&#8217;in Royal De\u011fi\u015fim Tiyatrosu&#8217;ndaki bir \u00e7e\u015fit m\u00fczikal olan Betty \u015fovunu izlemek i\u00e7in bir \u00e7ift bilet! <\/p>\n\n\n\n<div id=\"section-g197ad1\" class=\"wp-block-gutentor-e6 section-g197ad1 gutentor-element gutentor-element-image\"><div class=\"gutentor-element-image-box\"><div class=\"gutentor-image-thumb\"><img class=\"normal-image\" src=\"http:\/\/yerdenizkooperatifi.org\/wp-content\/uploads\/2023\/01\/janet.jpg\"\/><\/div><\/div><\/div>\n\n\n\n<p class=\"has-medium-font-size\">Janet Biehl&#8217;in eserinin imzal\u0131 bask\u0131s\u0131<\/p>\n\n\n\n<div id=\"section-g2e9077\" class=\"wp-block-gutentor-e6 section-g2e9077 gutentor-element gutentor-element-image\"><div class=\"gutentor-element-image-box\"><div class=\"gutentor-image-thumb\"><img class=\"normal-image\" src=\"http:\/\/yerdenizkooperatifi.org\/wp-content\/uploads\/2023\/01\/newroz.jpg\"\/><\/div><\/div><\/div>\n\n\n\n<p class=\"has-medium-font-size\">Rojava&#8217;daki Lav\u00een Kad\u0131n Kooperatifi&#8217;nden bileklikler<\/p>\n\n\n\n<div id=\"section-gbe5ef9\" class=\"wp-block-gutentor-e6 section-gbe5ef9 gutentor-element gutentor-element-image\"><div class=\"gutentor-element-image-box\"><div class=\"gutentor-image-thumb\"><img class=\"normal-image\" src=\"http:\/\/yerdenizkooperatifi.org\/wp-content\/uploads\/2023\/01\/bileklik.jpeg\"\/><\/div><\/div><\/div>\n\n\n\n<p class=\"has-medium-font-size\">Rojava&#8217;daki Lav\u00een Kad\u0131n Kooperatifi&#8217;nden rengarenk \u015fallar<\/p>\n\n\n\n<div id=\"section-gda7e9e\" class=\"wp-block-gutentor-e6 section-gda7e9e gutentor-element gutentor-element-image\"><div class=\"gutentor-element-image-box\"><div class=\"gutentor-image-thumb\"><img class=\"normal-image\" src=\"http:\/\/yerdenizkooperatifi.org\/wp-content\/uploads\/2023\/01\/esarp.jpeg\"\/><\/div><\/div><\/div>\n\n\n\n<p class=\"has-medium-font-size\">Zapatista masa oyunu<\/p>\n\n\n\n<div id=\"section-g8b4125\" class=\"wp-block-gutentor-e6 section-g8b4125 gutentor-element gutentor-element-image\"><div class=\"gutentor-element-image-box\"><div class=\"gutentor-image-thumb\"><img class=\"normal-image\" src=\"http:\/\/yerdenizkooperatifi.org\/wp-content\/uploads\/2023\/01\/zapatista-oyun.png\"\/><\/div><\/div><\/div>\n\n\n\n<p class=\"has-medium-font-size\">\u00c7e\u015fitli kitaplar<\/p>\n\n\n\n<div id=\"section-g4dbc5f\" class=\"wp-block-gutentor-e6 section-g4dbc5f gutentor-element gutentor-element-image\"><div class=\"gutentor-element-image-box\"><div class=\"gutentor-image-thumb\"><img class=\"normal-image\" src=\"http:\/\/yerdenizkooperatifi.org\/wp-content\/uploads\/2023\/01\/rojava-kitap.jpg\"\/><\/div><\/div><\/div>\n\n\n\n<p class=\"has-medium-font-size\">Stir to Action dergisi ve New Internationalist dergisi paketi<\/p>\n\n\n\n<div id=\"section-g5e43ef\" class=\"wp-block-gutentor-e6 section-g5e43ef gutentor-element gutentor-element-image\"><div class=\"gutentor-element-image-box\"><div class=\"gutentor-image-thumb\"><img class=\"normal-image\" src=\"http:\/\/yerdenizkooperatifi.org\/wp-content\/uploads\/2023\/01\/dergi.jpg\"\/><\/div><\/div><\/div>\n\n\n\n<p class=\"has-medium-font-size\">Ve daha fazlas\u0131!<\/p>\n\n\n\n<p class=\"has-medium-font-size\">Elbette di\u011fer \u00fclkelerden yap\u0131lacak ba\u011f\u0131\u015flar\u0131 memnuniyetle kar\u015f\u0131lasak da, yaln\u0131zca \u0130ngiltere i\u00e7inde g\u00f6nderi yapabilece\u011fimizi unutmay\u0131n l\u00fctfen.<\/p>\n\n\n\n<p><strong>Kaynak:<\/strong> <em>https:\/\/www.crowdfunder.co.uk\/p\/solidarity-economy-from-below<\/em><\/p>\n","protected":false},"excerpt":{"rendered":"<p>Dayan\u0131\u015fma Ekonomisi Derne\u011fi, Brighton, \u0130ngiltere *Kitle fonlama kampanyam\u0131z\u0131 hen\u00fcz ba\u011f\u0131\u015f yapmam\u0131\u015f olanlar i\u00e7in 23 Aral\u0131k Cuma g\u00fcn\u00fc ( Yaz\u0131 Aral\u0131k<\/p>\n","protected":false},"author":1,"featured_media":2327,"comment_status":"open","ping_status":"open","sticky":false,"template":"","format":"standard","meta":[],"categories":[4],"tags":[80,74,35,67,37],"gutentor_comment":0,"_links":{"self":[{"href":"https:\/\/yerdenizkooperatifi.org\/index.php\/wp-json\/wp\/v2\/posts\/2310"}],"collection":[{"href":"https:\/\/yerdenizkooperatifi.org\/index.php\/wp-json\/wp\/v2\/posts"}],"about":[{"href":"https:\/\/yerdenizkooperatifi.org\/index.php\/wp-json\/wp\/v2\/types\/post"}],"author":[{"embeddable":true,"href":"https:\/\/yerdenizkooperatifi.org\/index.php\/wp-json\/wp\/v2\/users\/1"}],"replies":[{"embeddable":true,"href":"https:\/\/yerdenizkooperatifi.org\/index.php\/wp-json\/wp\/v2\/comments?post=2310"}],"version-history":[{"count":15,"href":"https:\/\/yerdenizkooperatifi.org\/index.php\/wp-json\/wp\/v2\/posts\/2310\/revisions"}],"predecessor-version":[{"id":2350,"href":"https:\/\/yerdenizkooperatifi.org\/index.php\/wp-json\/wp\/v2\/posts\/2310\/revisions\/2350"}],"wp:featuredmedia":[{"embeddable":true,"href":"https:\/\/yerdenizkooperatifi.org\/index.php\/wp-json\/wp\/v2\/media\/2327"}],"wp:attachment":[{"href":"https:\/\/yerdenizkooperatifi.org\/index.php\/wp-json\/wp\/v2\/media?parent=2310"}],"wp:term":[{"taxonomy":"category","embeddable":true,"href":"https:\/\/yerdenizkooperatifi.org\/index.php\/wp-json\/wp\/v2\/categories?post=2310"},{"taxonomy":"post_tag","embeddable":true,"href":"https:\/\/yerdenizkooperatifi.org\/index.php\/wp-json\/wp\/v2\/tags?post=2310"}],"curies":[{"name":"wp","href":"https:\/\/api.w.org\/{rel}","templated":true}]}}