{"id":2434,"date":"2023-10-13T08:19:00","date_gmt":"2023-10-13T08:19:00","guid":{"rendered":"http:\/\/yerdenizkooperatifi.org\/?p=2434"},"modified":"2024-03-14T09:55:45","modified_gmt":"2024-03-14T09:55:45","slug":"istanbul-yonetim-yenileme-a-s-isyon-uretici-ve-kooperatifler-pazarindan-ayriliyoruz","status":"publish","type":"post","link":"https:\/\/yerdenizkooperatifi.org\/index.php\/2023\/10\/13\/istanbul-yonetim-yenileme-a-s-isyon-uretici-ve-kooperatifler-pazarindan-ayriliyoruz\/","title":{"rendered":"\u0130stanbul Y\u00f6netim Yenileme A.\u015e. (\u0130SY\u00d6N) \u00dcretici ve Kooperatifler\u00a0pazar\u0131ndan ayr\u0131l\u0131yoruz&#8230;"},"content":{"rendered":"\n<p><br><br>17 Ekim 2021 tarihinde yay\u0131nlad\u0131\u011f\u0131m\u0131z bir de\u011ferlendirme yaz\u0131s\u0131nda \u0130stanbul Y\u00f6netim Yenileme A.\u015e. (\u0130SY\u00d6N) \u00dcretici ve Kooperatifler&nbsp;pazar\u0131na y\u00f6nelik g\u00f6r\u00fc\u015flerimizi kamuoyu ile payla\u015fm\u0131\u015ft\u0131k. Aradan ge\u00e7en iki senede sorunlar&nbsp;katmerlenerek b\u00fcy\u00fcd\u00fc ve kronikle\u015fti.&nbsp;Ba\u015flang\u0131\u00e7ta \u00f6zveri ve dayan\u0131\u015fmayla destekledi\u011fimiz pazar\u0131n bug\u00fcn geldi\u011fimiz noktada&nbsp;herhangi bir semt pazar\u0131ndan fark\u0131n\u0131n kalmad\u0131\u011f\u0131n\u0131 g\u00f6r\u00fcyoruz. Sorunlara y\u00f6nelik \u00e7\u00f6z\u00fcmler&nbsp;geli\u015ftirmeyen \u0130SY\u00d6N\u2019\u00fcn bu tutumuna, \u00fcretici ve kooperatiflerin, g\u0131da meselesinin temel ilkelerine&nbsp;ayk\u0131r\u0131 tutumlar\u0131 eklendi ve art\u0131k pazar kurulu\u015f amac\u0131ndan uzakla\u015ft\u0131.&nbsp;Pazar \u00e7al\u0131\u015fmas\u0131n\u0131n dayan\u0131\u015fmay\u0131 \u00e7o\u011faltaca\u011f\u0131na inand\u0131\u011f\u0131m\u0131z bu s\u00fcre\u00e7te, pazarda yer alan \u00fcreticiler ve kooperatifler&nbsp;aras\u0131nda inisiyatif alabilecek bir ili\u015fki geli\u015fmemi\u015f ve \u00fcreticiler kendi &#8220;\u00e7\u00f6z\u00fcm yollar\u0131n\u0131&#8221; geli\u015ftirmeye&nbsp;ba\u015flam\u0131\u015flard\u0131r. Do\u011fal olarak pazara olan g\u00fcven kaybolmaya ba\u015flam\u0131\u015ft\u0131r. \u201cSa\u011fl\u0131kl\u0131 g\u0131da herkesin&nbsp;hakk\u0131d\u0131r\u201d perspektifiyle faaliyet y\u00fcr\u00fct\u00fcyoruz ve kamunun da bu \u015fiar ile faaliyetler y\u00fcr\u00fctmesi ve g\u0131da&nbsp;hareketini desteklemesi gerekti\u011fini savunuyoruz. Ba\u015f\u0131ndan beri destekledi\u011fimiz \u00fcretici pazar\u0131n\u0131n&nbsp;geldi\u011fi noktay\u0131, kamuya a\u00e7\u0131k bir bi\u00e7imde tart\u0131\u015fmak gerekti\u011fini d\u00fc\u015f\u00fcn\u00fcyoruz.<\/p>\n\n\n\n<p>Yerdeniz Kooperatifi\u2019nin kurulmas\u0131ndan sonra, kooperatifin de i\u00e7inde bulundu\u011fu, \u0130stanbul Kad\u0131k\u00f6y&nbsp;il\u00e7esinde belediyenin olu\u015fturdu\u011fu Kent Konseyi\u2019ndeki G\u0131da \u00c7al\u0131\u015fma Grubu\u2019nda faaliyet y\u00fcr\u00fctmeye&nbsp;ba\u015flad\u0131k. Burada, Kad\u0131k\u00f6y Belediyesi s\u0131n\u0131rlar\u0131 i\u00e7inde, kooperatifler pazar\u0131 a\u00e7\u0131lmas\u0131 \u00f6nerisini dile&nbsp;getirdik ve tart\u0131\u015fmaya a\u00e7t\u0131k. Bu tart\u0131\u015fmalar s\u00fcrerken, \u0130stanbul B\u00fcy\u00fck\u015fehir Belediyesi (\u0130BB), \u0130stanbul\u2019da&nbsp;bulunan b\u00fct\u00fcn kooperatiflere ve kooperatif giri\u015fimlerine a\u00e7\u0131k bir \u00e7a\u011fr\u0131 yaparak, bir toplant\u0131 d\u00fczenledi.&nbsp;Bu toplant\u0131da, \u0130stanbul\u2019da yeni bir \u201cG\u0131da Rejimi\u201d kurma amac\u0131nda olduklar\u0131n\u0131 belirttiler. Bu amaca,&nbsp;yereldeki g\u0131da inisiyatifleriyle ve kooperatiflerle birlikte ula\u015fabileceklerini vurgulad\u0131lar. Bu s\u00fcrecin y\u00fcr\u00fct\u00fclmesinde farkl\u0131 se\u00e7eneklere a\u00e7\u0131k olduklar\u0131n\u0131, \u00f6rne\u011fin g\u0131da inisiyatifleri ve kooperatifler olarak&nbsp;bu s\u00fcreci biz y\u00fcr\u00fctelim, siz \u0130SY\u00d6N olarak lojistik destek verin y\u00f6n\u00fcnde bir karar \u00e7\u0131karsa, buna da a\u00e7\u0131k&nbsp;olduklar\u0131n\u0131 aktard\u0131lar. \u00d6te yandan, e\u011fer g\u0131da alan\u0131nda \u00e7al\u0131\u015fan inisiyatifler ve kooperatifler, y\u00fcr\u00fctme&nbsp;s\u00fcrecine kat\u0131lmama karar\u0131 al\u0131rlarsa da, \u0130BB olarak bu s\u00fcreci de \u00fcstlenebileceklerini belirterek&nbsp;\u00f6nerilerini detayland\u0131rd\u0131lar. G\u0131da alan\u0131nda \u00e7al\u0131\u015fan inisiyatifler ve koooperatiflerle olan s\u00fcre\u00e7 t\u0131kan\u0131nca, \u0130SY\u00d6N \u0130stanbul il s\u0131n\u0131rlar\u0131 i\u00e7indeki \u00fcreticiler ve \u0130stanbul d\u0131\u015f\u0131ndan kooperatifleri&nbsp;bir araya getirerek, farkl\u0131 toplant\u0131lar d\u00fczenledi. Bu toplant\u0131larda, fide deste\u011fi verilece\u011fi, toprak ve su&nbsp;analizleri yap\u0131laca\u011f\u0131, \u0130stanbul il s\u0131n\u0131rlar\u0131 i\u00e7indeki \u00fcreticilerin kooperatifle\u015fmeye te\u015fvik edilece\u011fi, depo&nbsp;ve lojistik hizmetlerinin sa\u011flanaca\u011f\u0131 gibi destekleme&nbsp;mekanizmalar\u0131n\u0131 kooperatiflere ilettiler.&nbsp;<\/p>\n\n\n\n<p>\u00dcretici pazarlar\u0131n\u0131, g\u0131da egemenli\u011fi m\u00fccadelesinin bir par\u00e7as\u0131 olarak \u00fcr\u00fcnlerin do\u011frudan halkla&nbsp;bulu\u015ftu\u011fu arac\u0131s\u0131z yerler olmas\u0131 nedeniyle \u00f6nemli buluyoruz. Pazar bizim i\u00e7in, temsilcisi oldu\u011fumuz&nbsp;\u00fcreticileri anlatt\u0131\u011f\u0131m\u0131z, \u00fcr\u00fcnlerin \u00fcretim a\u015famalar\u0131na t\u00fcketicileri dahil etti\u011fimiz, g\u0131da \u00fczerinden&nbsp;\u00f6rg\u00fctlenebildi\u011fimiz \u00f6nemli bir alan ayn\u0131 zamanda. Pazara gelen \u00fcr\u00fcnlerle, her hafta pazar i\u00e7inde sofra&nbsp;kuruyor, pazar m\u00fcdavimleriyle bir araya geliyor ve ufak \u00e7apl\u0131 s\u00f6yle\u015filer d\u00fczenliyorduk. Ayr\u0131ca pazarda,&nbsp;G\u0131da Egemenli\u011fi Bulu\u015fma&#8217;s\u0131n\u0131n d\u00fczenleme s\u00fcrecine katk\u0131 sunarak, \u00fcreticilerle t\u00fcketicilerin bir araya&nbsp;gelmesine vesile olduk. Tarhanalar kaynatt\u0131k, peynirler mayalad\u0131k, zeytinler kurduk; bir yandan da&nbsp;g\u0131da egemenli\u011fi \u00fczerine tart\u0131\u015ft\u0131k, konu\u015ftuk. Pazarlar\u0131 ni\u00e7in \u00f6nemli buldu\u011fumuza dair daha detayl\u0131 bir&nbsp;yaz\u0131m\u0131z\u0131 buradan okuyabilirsiniz:&nbsp;<a rel=\"noreferrer noopener\" href=\"http:\/\/yerdenizkooperatifi.org\/index.php\/2021\/10\/17\/pazarlari-nicin-onemli-buluyoruz\/\" target=\"_blank\">http:\/\/yerdenizkooperatifi.org\/index.php\/2021\/10\/17\/pazarlari-nicin-onemli-buluyoruz\/<\/a><br><br>Pazara gelemeyen kooperatiflerin temsilcisi olarak, yakla\u015f\u0131k 3 y\u0131ld\u0131r her pazar g\u00fcn\u00fc Kad\u0131k\u00f6y&#8217;de ve&nbsp; a\u00e7\u0131ld\u0131ktan sonra ilk 2 ay boyunca&nbsp;da Be\u015fikta\u015f&#8217;ta her cumartesi g\u00fcn\u00fc pazarlarda tezgah a\u00e7t\u0131k. Bu s\u00fcre zarf\u0131nda bir arac\u0131m\u0131z olmad\u0131\u011f\u0131 i\u00e7in \u00fcreticilerden gelen&nbsp;\u00fcr\u00fcnleri dayan\u0131\u015fma ile \u00fcreticilerimizin ara\u00e7lar\u0131yla pazara ta\u015f\u0131d\u0131k. \u0130SY\u00d6N&#8217;den ve Kad\u0131k\u00f6y&nbsp;belediyesinden ara\u00e7 tahsis edilmesi konusunda, resmi ve gayri resmi t\u00fcm taleplerimiz sonu\u00e7suz kald\u0131.&nbsp;Nakliye y\u00fck\u00fcn\u00fc azaltmak i\u00e7in \u0130SY\u00d6N&#8217;n\u00fcn en ba\u015fta vaat etti\u011fi, pazar i\u00e7inde bir depo verilmesine y\u00f6nelik&nbsp;taleplerimiz de, aylarca g\u00f6z ard\u0131 edildi. Depoyu ancak pazar a\u00e7\u0131l\u0131\u015f\u0131ndan 2 sene sonra alabildik; depo&nbsp;i\u00e7erisine raf yap\u0131lmas\u0131 i\u00e7in ise yakla\u015f\u0131k 3 ay bekledik. Depoda b\u00f6ceklenme olunca ila\u00e7lama talep ettik;&nbsp;bunun yap\u0131lmas\u0131 i\u00e7in de yine aylarca beklemek zorunda kald\u0131k. 3 sene boyunca \u00fcreticilerden ve&nbsp;t\u00fcketicilerden gelen \u015fikayet\/\u00f6neriler i\u00e7in pazar y\u00f6netiminde bulunan \u0130SY\u00d6N y\u00f6neticileriyle bir\u00e7ok kez&nbsp;bir araya geldik ve sorunlar\u0131 konu\u015fmaya \u00e7al\u0131\u015ft\u0131k.&nbsp; Farkl\u0131 \u0130SY\u00d6N temsilcilerine iletti\u011fimiz sorunlar \u015f\u00f6yleydi;&nbsp;1-Temiz \u00fcretime ge\u00e7i\u015f a\u015famas\u0131nda yap\u0131lacak olan toprak ve su analizleri yap\u0131ld\u0131 m\u0131, yap\u0131lmaya devam ediliyor mu? Sonu\u00e7lar kamuoyu ile payla\u015f\u0131lacak m\u0131?&nbsp;2-Bu pazara kat\u0131lan \u00fcreticilerin bir k\u0131sm\u0131, sal\u0131 ve cuma pazarlar\u0131na da kat\u0131l\u0131yor, orada ki \u00fcr\u00fcnlerle bu \u00fcr\u00fcnler aras\u0131nda ciddi fiyat farklar\u0131 var, bu konuda bir denetim yap\u0131l\u0131yor mu?&nbsp;3- \u00dcreticilerin bir k\u0131sm\u0131 kendi \u00fcretti\u011fi \u00fcr\u00fcn d\u0131\u015f\u0131nda, ba\u015fka \u00fcreticilerden ald\u0131\u011f\u0131 \u00fcr\u00fcnleri sat\u0131yor, bu konuda denetim yap\u0131l\u0131yor mu?&nbsp;4- Pazar\u0131n tan\u0131t\u0131m\u0131 yap\u0131lm\u0131yor ve m\u00fc\u015fteri kitlesi giderek daral\u0131yor, bu konuda bir \u00e7al\u0131\u015fma yap\u0131lacak m\u0131?&nbsp;5- Pazar kurgulan\u0131rken, at\u00f6lyeler ve s\u00f6yle\u015filerle hepimizin g\u0131da meselesinde payla\u015f\u0131m i\u00e7inde olaca\u011f\u0131 bir mekan olacakt\u0131, bu konuda bir ad\u0131m at\u0131lacak m\u0131?&nbsp;6- Pazar \u00fczerini kapatan \u00f6rt\u00fclerin drenaj\u0131n\u0131n ta\u015fmas\u0131 gibi teknik ar\u0131zalar ne zaman giderilecek?&nbsp;&nbsp;7- Pazara gelen \u00fcr\u00fcnlerin konuldu\u011fu bir k\u0131s\u0131m hal kasalar\u0131, t\u00fcketicide sa\u011fl\u0131ks\u0131z g\u0131da d\u00fc\u015f\u00fcncesi olu\u015fturarak, g\u00fcven sorunu yarat\u0131yor bu konu \u00e7\u00f6z\u00fclecek mi?Bu sorulara, genel anlamda pek cevap alamad\u0131k.&nbsp; \u0130sy\u00f6n yetkilileri, her seferinde B\u00fcy\u00fck\u015fehir belediyesi b\u00fcrokrasinin ard\u0131na s\u0131\u011f\u0131narak, \u201cyapamad\u0131klar\u0131 \u015feyler\u201d oldu\u011funu ilettiler. \u0130lk kez denenen b\u00f6yle bir&nbsp;\u00e7al\u0131\u015fman\u0131n daha da b\u00fcy\u00fcmesi i\u00e7in u\u011fra\u015fmak yerine, pazardaki \u00fcreticilere, \u00f6rt\u00fc\/\u00f6nl\u00fck sat\u0131lmas\u0131, iki&nbsp;tezgah aras\u0131 mesafe \u00f6l\u00e7\u00fcs\u00fc gibi detaylarla daha \u00e7ok ilgilendiler. \u0130SY\u00d6N taraf\u0131nda muhatap bulmakta&nbsp;zorland\u0131k, \u00e7\u00f6z\u00fcm i\u00e7in farkl\u0131 isimler ortaya at\u0131ld\u0131 ama her defas\u0131nda en ba\u015fa d\u00f6nmek zorunda kald\u0131k. D\u00f6rt \u00fcreticiden olu\u015fan pazar komisyonu adres&nbsp;g\u00f6sterilse de komisyonun hi\u00e7 bir bi\u00e7imde i\u015flemedi\u011fini, sorunlar\u0131n giderek artt\u0131\u011f\u0131n\u0131 belirtsek de ne yaz\u0131k ki \u00e7\u00f6z\u00fcms\u00fczl\u00fck ola\u011fan hale geldi.&nbsp;<br>Bir noktada \u00fcreticiler olarak sorunlar\u0131m\u0131z\u0131 konu\u015fal\u0131m ve taleplerimizi ortakla\u015ft\u0131ral\u0131m istedik. Pazarda ortak bir toplant\u0131 yapt\u0131k. Temsilci olarak bizim ya\u015fad\u0131klar\u0131m\u0131z d\u0131\u015f\u0131nda \u00fcreticilerin de otopark sorunu ya\u015fad\u0131\u011f\u0131n\u0131, otoparka koyduklar\u0131 ara\u00e7la ilgili g\u00fcvenlik sa\u011flanamad\u0131\u011f\u0131n\u0131&nbsp;vb. \u00f6\u011frendik. Taleplerimizi ortakla\u015ft\u0131raca\u011f\u0131m\u0131z s\u0131rada, \u00fcreticilerden birinde ya\u015fanan taciz meselesi, \u00fcreticilerle bu&nbsp;alanda y\u00fcr\u00fctt\u00fc\u011f\u00fcm\u00fcz \u00f6rg\u00fctlenmeden \u00e7ekilmemize&nbsp;neden oldu.&nbsp;&nbsp;Ard\u0131ndan, temsilcisi oldu\u011fumuz \u00fcreticilerle bir araya geldik ve pazarda depo alan\u0131 tahsis edilmesinin,&nbsp;pazar\u0131n s\u00fcrd\u00fcr\u00fclebilir k\u0131l\u0131nmas\u0131nda \u00f6nemli oldu\u011fu bilgisini ilettik. \u00dcreticilerimiz dilek\u00e7elerle&nbsp;\u0130SY\u00d6N&#8217;e&nbsp;ba\u015fvuruda bulundu. Depo tahsisindeki ilerlemeyi bu \u015fekilde sa\u011flayabildik. Ayr\u0131ca&nbsp;\u00fcreticilerimizden her ay birisinin gelerek, pazarda bir etkinlik yapmas\u0131n\u0131n pazar\u0131 hareketlendirece\u011fini&nbsp;d\u00fc\u015f\u00fcnd\u00fck. \u00dcreticilerimiz zaman zaman ziyaretimize geldiler ve kendi hikayelerini ve \u00fcr\u00fcnlerini&nbsp;anlatt\u0131lar. Rasimpa\u015fa Mahallesi muhtar\u0131 pazar i\u00e7in Yelde\u011firmeni Mahallesi&#8217;nden belediyeden ayarlanan ara\u00e7 servisi kald\u0131rmaya&nbsp;ba\u015flad\u0131. Pazar\u0131n ve bu servislerin duyurusunu sosyal medyadan yapt\u0131k ve pazar\u0131 canland\u0131rma&nbsp;giri\u015fimlerine devam ettik.&nbsp;\u00dcreticiler iki pazar alan\u0131n\u0131n kendilerine yetmedi\u011fini 3. bir pazar yeri a\u00e7\u0131lmas\u0131n\u0131 istediklerini \u0130SY\u00d6N y\u00f6netimine iletince \u0130SY\u00d6N taraf\u0131ndan \u0130BB&#8217;ye dilek\u00e7e ile ba\u015fvurmalar\u0131 talebin oradan kendilerine gelmesini y\u00f6ntemine y\u00f6nlendirildiler. \u0130lk iki pazarda bu y\u00f6ntem kullan\u0131lmam\u0131\u015f \u0130SY\u00d6N do\u011frudan pazarlar\u0131 kendi a\u00e7m\u0131\u015ft\u0131..&nbsp;S\u00fcre\u00e7 bu \u015fekilde devam ederken, bir noktadan sonra \u00fcreticiler de g\u0131da hareketindeki temel ilkelere&nbsp;ayk\u0131r\u0131 hareket etmeye ba\u015flad\u0131. Zaman i\u00e7inde kendi \u00fcr\u00fcn\u00fc haricinde ba\u015fka&nbsp;\u00fcreticilerin \u00fcr\u00fcnlerini satan \u00fcretici say\u0131s\u0131 artt\u0131. Baz\u0131 \u00fcreticilerin \u00fcr\u00fcnleriyle ilgili t\u00fcketicilerden halden \u00fcr\u00fcn getiriyor \u015fikayetleri artt\u0131. Kimi \u00fcreticiler al sat mant\u0131\u011f\u0131 ile hareket etmeye ba\u015flad\u0131lar. Mevsimlik \u00fcr\u00fcnlerden ziyade yazl\u0131k \u00fcr\u00fcnler tezgahlarda yer ald\u0131. Bu konuda pazar y\u00f6netiminden zaman&nbsp;zaman \u00fcreticilere uyar\u0131lar&nbsp;yap\u0131lsa da, \u00e7o\u011fu zaman bu durum g\u00f6z ard\u0131 edildi&nbsp;ve kararl\u0131 bir&nbsp; \u015fekilde&nbsp; takip&nbsp; edilmedi.&nbsp;<br>Gelinen noktada biz pazar\u0131n \u00e7\u0131k\u0131\u015f ama\u00e7lar\u0131n\u0131n olduk\u00e7a gerisinde bir noktada oldu\u011funu d\u00fc\u015f\u00fcn\u00fcyoruz. S\u00fcre\u00e7 i\u00e7erisinde bu deneyimin i\u00e7inde olma nedenlerimiz yava\u015f yava\u015f ortadan kalkt\u0131 ve pazar en&nbsp;az\u0131ndan \u0130stanbul \u00e7eperinde g\u0131da ve beslenme rejiminde yaratabilece\u011fi yeni bir bak\u0131\u015f&nbsp;a\u00e7\u0131s\u0131n\u0131 geli\u015ftirip&nbsp;\u00f6rnek olabilecekken ne yaz\u0131k ki \u00e7\u0131k\u0131\u015f hedeflerini unuttu ve ola\u011fan i\u015fleyi\u015flerin bir par\u00e7as\u0131 oldu. Her y\u0131l&nbsp;yap\u0131laca\u011f\u0131 belirtilen su ve toprak analizlerinin yap\u0131l\u0131p yap\u0131lmad\u0131\u011f\u0131 bile belirsiz kald\u0131 sonu\u00e7lar&nbsp;a\u00e7\u0131klanmad\u0131. Pazara gelen \u00fcreticiler aras\u0131ndaki ili\u015fkiler rekabet kavgas\u0131na d\u00f6n\u00fc\u015ft\u00fc, birlik ve&nbsp;koordinasyon&nbsp;sa\u011flanamad\u0131\u011f\u0131&nbsp;gibi mesele sadece al-sat s\u0131n\u0131r\u0131nda ticari bir faaliyet gibi&nbsp;y\u00fcr\u00fcmeye&nbsp;ba\u015flad\u0131 ve pazar\u0131n ruhu kayboldu. S\u00fcre\u00e7 i\u00e7erisindeki tespitlerimiz ve \u00e7\u00f6z\u00fcm aray\u0131\u015flar\u0131m\u0131z,&nbsp;\u00f6nerilerimiz duyars\u0131zl\u0131k ve muhataps\u0131zl\u0131k nedeniyle sonu\u00e7suz&nbsp;kald\u0131. Yap\u0131lan fide desteklerinin&nbsp;sonu\u00e7lar\u0131 pazara yans\u0131mad\u0131. Kimi \u00fcreticiler elde ettikleri bu \u00fcr\u00fcnleri tarlalar\u0131nda satt\u0131lar pazara bile&nbsp;getirmediler.Bunun takibi bile sa\u011flanamad\u0131. \u0130sy\u00f6n y\u00f6neticilerinin \u00fcreticilere -iyi tar\u0131m- \u00f6nerileri ve&nbsp;buna y\u00f6nelik d\u00fczenledikleri \u00fcretici e\u011fitimleri hedeften ne kadar uzakla\u015f\u0131ld\u0131\u011f\u0131n\u0131n g\u00f6stergesi olarak&nbsp;duruyor. \u0130stanbul i\u00e7inden ve d\u0131\u015f\u0131ndan gelen \u00fcreticilerin kendi \u00fcr\u00fcnlerinin d\u0131\u015f\u0131nda etraflar\u0131ndaki di\u011fer&nbsp;\u00fcreticilerden&nbsp;toplay\u0131p getirdikleri \u00fcr\u00fcnler sorgulanmad\u0131\u011f\u0131 i\u00e7in tezgahlarda temiz \u00fcretim&nbsp;yaparak&nbsp;sadece kendi \u00fcr\u00fcn\u00fcn\u00fc satan \u00fcretici say\u0131s\u0131 olduk\u00e7a azald\u0131. Halbuki bu \u00fcreticiler \u00f6rg\u00fctlenerek ve&nbsp;desteklenerek \u00fcr\u00fcn \u00e7e\u015fitlili\u011fi sa\u011flanabilir ve pazardaki kazan\u00e7lar\u0131 do\u011fru yolla art\u0131r\u0131labilirdi.&nbsp;G\u00f6r\u00fcn\u00fcrde pazar devam etsin, i\u00e7eri\u011fi \u00f6nemli de\u011fil anlay\u0131\u015f\u0131 bizim yan yana durabilece\u011fimiz bir anlay\u0131\u015f&nbsp;de\u011fil. Bu nedenle \u0130SY\u00d6N pazar\u0131ndaki varl\u0131\u011f\u0131m\u0131z\u0131 sona erdirme karar\u0131 ald\u0131k. Bunun nedenlerini&nbsp;anlatarak T\u00fcrkiye&#8217;de ve d\u00fcnyadaki iyi alternatif \u00f6rneklere bir yenisi eklenebilecekken&nbsp;do\u011fru&nbsp;kullan\u0131lmayan bu f\u0131rsat\u0131n neden heba edildi\u011finin de tart\u0131\u015f\u0131lmas\u0131 gerekti\u011fini d\u00fc\u015f\u00fcn\u00fcyor, konunun \u015feffaf bir \u015fekilde kamuoyuna aktar\u0131lmas\u0131n\u0131 \u00f6nemli buluyoruz.<\/p>\n\n\n\n<p><em>YerDeniz Kooperatifi G\u00f6n\u00fcll\u00fcs\u00fc, Pazar Temsilcileri<\/em>   Nursel Polat, Selma Ero\u011flu<\/p>\n","protected":false},"excerpt":{"rendered":"<p>17 Ekim 2021 tarihinde yay\u0131nlad\u0131\u011f\u0131m\u0131z bir de\u011ferlendirme yaz\u0131s\u0131nda \u0130stanbul Y\u00f6netim Yenileme A.\u015e. (\u0130SY\u00d6N) \u00dcretici ve Kooperatifler&nbsp;pazar\u0131na y\u00f6nelik g\u00f6r\u00fc\u015flerimizi kamuoyu ile<\/p>\n","protected":false},"author":1,"featured_media":1923,"comment_status":"open","ping_status":"open","sticky":false,"template":"","format":"standard","meta":[],"categories":[4,66],"tags":[35,72,37],"gutentor_comment":0,"_links":{"self":[{"href":"https:\/\/yerdenizkooperatifi.org\/index.php\/wp-json\/wp\/v2\/posts\/2434"}],"collection":[{"href":"https:\/\/yerdenizkooperatifi.org\/index.php\/wp-json\/wp\/v2\/posts"}],"about":[{"href":"https:\/\/yerdenizkooperatifi.org\/index.php\/wp-json\/wp\/v2\/types\/post"}],"author":[{"embeddable":true,"href":"https:\/\/yerdenizkooperatifi.org\/index.php\/wp-json\/wp\/v2\/users\/1"}],"replies":[{"embeddable":true,"href":"https:\/\/yerdenizkooperatifi.org\/index.php\/wp-json\/wp\/v2\/comments?post=2434"}],"version-history":[{"count":2,"href":"https:\/\/yerdenizkooperatifi.org\/index.php\/wp-json\/wp\/v2\/posts\/2434\/revisions"}],"predecessor-version":[{"id":2436,"href":"https:\/\/yerdenizkooperatifi.org\/index.php\/wp-json\/wp\/v2\/posts\/2434\/revisions\/2436"}],"wp:featuredmedia":[{"embeddable":true,"href":"https:\/\/yerdenizkooperatifi.org\/index.php\/wp-json\/wp\/v2\/media\/1923"}],"wp:attachment":[{"href":"https:\/\/yerdenizkooperatifi.org\/index.php\/wp-json\/wp\/v2\/media?parent=2434"}],"wp:term":[{"taxonomy":"category","embeddable":true,"href":"https:\/\/yerdenizkooperatifi.org\/index.php\/wp-json\/wp\/v2\/categories?post=2434"},{"taxonomy":"post_tag","embeddable":true,"href":"https:\/\/yerdenizkooperatifi.org\/index.php\/wp-json\/wp\/v2\/tags?post=2434"}],"curies":[{"name":"wp","href":"https:\/\/api.w.org\/{rel}","templated":true}]}}