{"id":2439,"date":"2024-10-02T11:50:26","date_gmt":"2024-10-02T11:50:26","guid":{"rendered":"https:\/\/yerdenizkooperatifi.org\/?p=2439"},"modified":"2026-02-17T14:41:10","modified_gmt":"2026-02-17T14:41:10","slug":"agroekoloji-uygulama-alani-calismasi","status":"publish","type":"post","link":"https:\/\/yerdenizkooperatifi.org\/index.php\/2024\/10\/02\/agroekoloji-uygulama-alani-calismasi\/","title":{"rendered":"Agroekoloji Uygulama Alan\u0131 \u00c7al\u0131\u015fmas\u0131 Ba\u015flad\u0131"},"content":{"rendered":"\n<p><strong>Yeni bir \u00e7al\u0131\u015fmaya ba\u015flaman\u0131n ve belirli bir yol alman\u0131n heyecan\u0131 i\u00e7indeyiz.<\/strong><strong><\/strong><\/p>\n\n\n\n<p>\u00c7al\u0131\u015ft\u0131\u011f\u0131m\u0131z \u00fcreticiler ve \u00e7ift\u00e7i dostlar\u0131m\u0131zla birlikte \u015eile&#8217;de Agro-ekoloji Uygulama Alan\u0131 \u00e7al\u0131\u015fmas\u0131na ba\u015flam\u0131\u015f bulunuyoruz. Hem agroekolojik \u00fcr\u00fcnlerin yeti\u015ftirilece\u011fi hem de agro-ekolojik \u00fcretim s\u00fcreci bilgilerinin &#8220;\u00c7ift\u00e7iden \u00e7ift\u00e7iye&#8221; daha sistematik payla\u015f\u0131laca\u011f\u0131 bir uygulama alan\u0131 olacak. \u015eile&#8217;deki \u00e7ift\u00e7ilerin agro-ekolojik d\u00f6n\u00fc\u015f\u00fcm s\u00fcrecine katk\u0131 vermek, \u015eile&#8217;deki teknik lisenin tar\u0131m b\u00f6l\u00fcm\u00fc i\u00e7in uygulama alan\u0131 olmak, \u0130stanbul&#8217;da ya\u015fayan tar\u0131ma dost insanlarla ekim, dikim hasat yapabilece\u011fimiz, hem \u015eile hem de \u0130stanbul&#8217;dan \u00e7ocuklar\u0131n agroekoloji ile tan\u0131\u015faca\u011f\u0131 ve pratik olarak deneyimleyebilece\u011fi bu \u00e7al\u0131\u015fma i\u00e7in yol almaya ba\u015flad\u0131k.<\/p>\n\n\n\n<p><strong>Nas\u0131l katk\u0131 verebilirim diyorsan\u0131z?<\/strong><\/p>\n\n\n\n<ul><li>Bu \u00e7al\u0131\u015fma i\u00e7in emek verecek g\u00f6n\u00fcll\u00fcler a\u011f\u0131 olu\u015fturmak istiyoruz. Ekim, dikim ve hasat i\u00e7in g\u00f6n\u00fcll\u00fc olabilirsiniz.<\/li><li>Bu \u00e7al\u0131\u015fmay\u0131 bug\u00fcne kadar yapt\u0131\u011f\u0131m\u0131z gibi \u00f6z kaynaklara dayal\u0131 ve kitle \u00e7al\u0131\u015fmas\u0131 ile yapmak istiyoruz. Maddi-manevi destek verecek insan ve kurumlar bulabilirsiniz.<\/li><li>\u00dcretilecek \u00fcr\u00fcnlerin da\u011f\u0131t\u0131m\u0131 i\u00e7in \u0130stanbul&#8217;da bir da\u011f\u0131t\u0131m a\u011f\u0131 kurmay\u0131 hedefliyoruz. \u00dcr\u00fcn \u00f6n al\u0131m\u0131 yapabilirsiniz.<\/li><li>Gidi\u015f geli\u015fler i\u00e7in ara\u00e7 deste\u011fi sa\u011flayabilirsiniz.<\/li><li>K\u0131\u015f \u00fcretimi i\u00e7in yerel\/yadigar tohumlardan yeti\u015ftirilmi\u015f fide, yaz \u00fcretimi ve daha sonra k\u0131\u015f-yaz \u00fcretimi i\u00e7in tohum temin etmemize destek olabilirsiniz.<\/li><\/ul>\n\n\n\n<figure class=\"wp-block-image size-large\"><img loading=\"lazy\" width=\"840\" height=\"840\" src=\"https:\/\/yerdenizkooperatifi.org\/wp-content\/uploads\/2024\/10\/agroekoloji1-840x840.png\" alt=\"\" class=\"wp-image-2444\" srcset=\"https:\/\/yerdenizkooperatifi.org\/wp-content\/uploads\/2024\/10\/agroekoloji1-840x840.png 840w, https:\/\/yerdenizkooperatifi.org\/wp-content\/uploads\/2024\/10\/agroekoloji1-365x365.png 365w, https:\/\/yerdenizkooperatifi.org\/wp-content\/uploads\/2024\/10\/agroekoloji1-768x768.png 768w, https:\/\/yerdenizkooperatifi.org\/wp-content\/uploads\/2024\/10\/agroekoloji1.png 1080w\" sizes=\"(max-width: 840px) 100vw, 840px\" \/><\/figure>\n\n\n\n<figure class=\"wp-block-image size-large\"><img loading=\"lazy\" width=\"840\" height=\"840\" src=\"https:\/\/yerdenizkooperatifi.org\/wp-content\/uploads\/2024\/10\/agroekoloji-840x840.png\" alt=\"\" class=\"wp-image-2440\" srcset=\"https:\/\/yerdenizkooperatifi.org\/wp-content\/uploads\/2024\/10\/agroekoloji-840x840.png 840w, https:\/\/yerdenizkooperatifi.org\/wp-content\/uploads\/2024\/10\/agroekoloji-365x365.png 365w, https:\/\/yerdenizkooperatifi.org\/wp-content\/uploads\/2024\/10\/agroekoloji-768x768.png 768w, https:\/\/yerdenizkooperatifi.org\/wp-content\/uploads\/2024\/10\/agroekoloji.png 1080w\" sizes=\"(max-width: 840px) 100vw, 840px\" \/><\/figure>\n","protected":false},"excerpt":{"rendered":"<p>Yeni bir \u00e7al\u0131\u015fmaya ba\u015flaman\u0131n ve belirli bir yol alman\u0131n heyecan\u0131 i\u00e7indeyiz. \u00c7al\u0131\u015ft\u0131\u011f\u0131m\u0131z \u00fcreticiler ve \u00e7ift\u00e7i dostlar\u0131m\u0131zla birlikte \u015eile&#8217;de Agro-ekoloji Uygulama<\/p>\n","protected":false},"author":1,"featured_media":2447,"comment_status":"open","ping_status":"open","sticky":false,"template":"","format":"standard","meta":[],"categories":[124,4],"tags":[],"gutentor_comment":0,"_links":{"self":[{"href":"https:\/\/yerdenizkooperatifi.org\/index.php\/wp-json\/wp\/v2\/posts\/2439"}],"collection":[{"href":"https:\/\/yerdenizkooperatifi.org\/index.php\/wp-json\/wp\/v2\/posts"}],"about":[{"href":"https:\/\/yerdenizkooperatifi.org\/index.php\/wp-json\/wp\/v2\/types\/post"}],"author":[{"embeddable":true,"href":"https:\/\/yerdenizkooperatifi.org\/index.php\/wp-json\/wp\/v2\/users\/1"}],"replies":[{"embeddable":true,"href":"https:\/\/yerdenizkooperatifi.org\/index.php\/wp-json\/wp\/v2\/comments?post=2439"}],"version-history":[{"count":3,"href":"https:\/\/yerdenizkooperatifi.org\/index.php\/wp-json\/wp\/v2\/posts\/2439\/revisions"}],"predecessor-version":[{"id":2651,"href":"https:\/\/yerdenizkooperatifi.org\/index.php\/wp-json\/wp\/v2\/posts\/2439\/revisions\/2651"}],"wp:featuredmedia":[{"embeddable":true,"href":"https:\/\/yerdenizkooperatifi.org\/index.php\/wp-json\/wp\/v2\/media\/2447"}],"wp:attachment":[{"href":"https:\/\/yerdenizkooperatifi.org\/index.php\/wp-json\/wp\/v2\/media?parent=2439"}],"wp:term":[{"taxonomy":"category","embeddable":true,"href":"https:\/\/yerdenizkooperatifi.org\/index.php\/wp-json\/wp\/v2\/categories?post=2439"},{"taxonomy":"post_tag","embeddable":true,"href":"https:\/\/yerdenizkooperatifi.org\/index.php\/wp-json\/wp\/v2\/tags?post=2439"}],"curies":[{"name":"wp","href":"https:\/\/api.w.org\/{rel}","templated":true}]}}