{"id":2458,"date":"2024-01-06T16:00:00","date_gmt":"2024-01-06T16:00:00","guid":{"rendered":"https:\/\/yerdenizkooperatifi.org\/?p=2458"},"modified":"2024-10-21T13:25:36","modified_gmt":"2024-10-21T13:25:36","slug":"kooperatif-gonulluleri-sergisi-acildi","status":"publish","type":"post","link":"https:\/\/yerdenizkooperatifi.org\/index.php\/2024\/01\/06\/kooperatif-gonulluleri-sergisi-acildi\/","title":{"rendered":"Kooperatif G\u00f6n\u00fcll\u00fcleri Sergisi A\u00e7\u0131ld\u0131"},"content":{"rendered":"\n<p>Kooperatif g\u00f6n\u00fcll\u00fclerimiz Selma Ero\u011flu ve Asl\u0131 \u00c7al\u0131ko\u011flu&#8217;nun resimlerinden olu\u015fan sergimiz 06 Ocak 2024&#8217;te a\u00e7\u0131ld\u0131. Kooperatifimize gelenler g\u0131da al\u0131\u015fveri\u015flerini yaparken sanatla bulu\u015fman\u0131n keyfine vard\u0131 ve sanatla \u015fenlenen kooperatif duvarlar\u0131 ilgi oda\u011f\u0131 oldu. A\u00e7\u0131l\u0131\u015fa \u00e7ok say\u0131da yak\u0131n dostumuzun kat\u0131ld\u0131\u011f\u0131 sergiyle birlikte yeni bir faaliyet alan\u0131n\u0131 daha hayata ge\u00e7irmekten mutlu olduk.<\/p>\n\n\n\n<figure class=\"wp-block-gallery has-nested-images columns-default is-cropped\">\n<figure class=\"wp-block-image size-large\"><img loading=\"lazy\" width=\"840\" height=\"631\" data-id=\"2466\"  src=\"https:\/\/yerdenizkooperatifi.org\/wp-content\/uploads\/2024\/10\/IMG_20240106_170030-1-840x631.jpg\" alt=\"\" class=\"wp-image-2466\" srcset=\"https:\/\/yerdenizkooperatifi.org\/wp-content\/uploads\/2024\/10\/IMG_20240106_170030-1-840x631.jpg 840w, https:\/\/yerdenizkooperatifi.org\/wp-content\/uploads\/2024\/10\/IMG_20240106_170030-1-486x365.jpg 486w, https:\/\/yerdenizkooperatifi.org\/wp-content\/uploads\/2024\/10\/IMG_20240106_170030-1-768x577.jpg 768w, https:\/\/yerdenizkooperatifi.org\/wp-content\/uploads\/2024\/10\/IMG_20240106_170030-1-1536x1153.jpg 1536w, https:\/\/yerdenizkooperatifi.org\/wp-content\/uploads\/2024\/10\/IMG_20240106_170030-1-2048x1538.jpg 2048w, https:\/\/yerdenizkooperatifi.org\/wp-content\/uploads\/2024\/10\/IMG_20240106_170030-1-600x450.jpg 600w\" sizes=\"(max-width: 840px) 100vw, 840px\" \/><\/figure>\n\n\n\n<figure class=\"wp-block-image size-large\"><img loading=\"lazy\" width=\"840\" height=\"840\" data-id=\"2471\"  src=\"https:\/\/yerdenizkooperatifi.org\/wp-content\/uploads\/2024\/10\/afis-1-840x840.jpg\" alt=\"\" class=\"wp-image-2471\" srcset=\"https:\/\/yerdenizkooperatifi.org\/wp-content\/uploads\/2024\/10\/afis-1-840x840.jpg 840w, https:\/\/yerdenizkooperatifi.org\/wp-content\/uploads\/2024\/10\/afis-1-365x365.jpg 365w, https:\/\/yerdenizkooperatifi.org\/wp-content\/uploads\/2024\/10\/afis-1-768x768.jpg 768w, https:\/\/yerdenizkooperatifi.org\/wp-content\/uploads\/2024\/10\/afis-1-1536x1536.jpg 1536w, https:\/\/yerdenizkooperatifi.org\/wp-content\/uploads\/2024\/10\/afis-1.jpg 1600w\" sizes=\"(max-width: 840px) 100vw, 840px\" \/><\/figure>\n<\/figure>\n\n\n\n<figure class=\"wp-block-gallery has-nested-images columns-default is-cropped\">\n<figure class=\"wp-block-image size-large\"><img loading=\"lazy\" width=\"840\" height=\"631\" data-id=\"2463\"  src=\"https:\/\/yerdenizkooperatifi.org\/wp-content\/uploads\/2024\/10\/IMG_20240106_181453-840x631.jpg\" alt=\"\" class=\"wp-image-2463\" srcset=\"https:\/\/yerdenizkooperatifi.org\/wp-content\/uploads\/2024\/10\/IMG_20240106_181453-840x631.jpg 840w, https:\/\/yerdenizkooperatifi.org\/wp-content\/uploads\/2024\/10\/IMG_20240106_181453-486x365.jpg 486w, https:\/\/yerdenizkooperatifi.org\/wp-content\/uploads\/2024\/10\/IMG_20240106_181453-768x577.jpg 768w, https:\/\/yerdenizkooperatifi.org\/wp-content\/uploads\/2024\/10\/IMG_20240106_181453-1536x1153.jpg 1536w, https:\/\/yerdenizkooperatifi.org\/wp-content\/uploads\/2024\/10\/IMG_20240106_181453-2048x1538.jpg 2048w, https:\/\/yerdenizkooperatifi.org\/wp-content\/uploads\/2024\/10\/IMG_20240106_181453-600x450.jpg 600w\" sizes=\"(max-width: 840px) 100vw, 840px\" \/><\/figure>\n\n\n\n<figure class=\"wp-block-image size-large\"><img loading=\"lazy\" width=\"840\" height=\"840\" data-id=\"2464\"  src=\"https:\/\/yerdenizkooperatifi.org\/wp-content\/uploads\/2024\/10\/IMG_20240106_203930-840x840.jpg\" alt=\"\" class=\"wp-image-2464\" srcset=\"https:\/\/yerdenizkooperatifi.org\/wp-content\/uploads\/2024\/10\/IMG_20240106_203930-840x840.jpg 840w, https:\/\/yerdenizkooperatifi.org\/wp-content\/uploads\/2024\/10\/IMG_20240106_203930-365x365.jpg 365w, https:\/\/yerdenizkooperatifi.org\/wp-content\/uploads\/2024\/10\/IMG_20240106_203930-768x768.jpg 768w, https:\/\/yerdenizkooperatifi.org\/wp-content\/uploads\/2024\/10\/IMG_20240106_203930-1536x1536.jpg 1536w, https:\/\/yerdenizkooperatifi.org\/wp-content\/uploads\/2024\/10\/IMG_20240106_203930-2048x2048.jpg 2048w\" sizes=\"(max-width: 840px) 100vw, 840px\" \/><\/figure>\n<\/figure>\n","protected":false},"excerpt":{"rendered":"<p>Kooperatif g\u00f6n\u00fcll\u00fclerimiz Selma Ero\u011flu ve Asl\u0131 \u00c7al\u0131ko\u011flu&#8217;nun resimlerinden olu\u015fan sergimiz 06 Ocak 2024&#8217;te a\u00e7\u0131ld\u0131. Kooperatifimize gelenler g\u0131da al\u0131\u015fveri\u015flerini yaparken sanatla<\/p>\n","protected":false},"author":1,"featured_media":2461,"comment_status":"open","ping_status":"open","sticky":false,"template":"","format":"standard","meta":[],"categories":[4,122],"tags":[],"gutentor_comment":0,"_links":{"self":[{"href":"https:\/\/yerdenizkooperatifi.org\/index.php\/wp-json\/wp\/v2\/posts\/2458"}],"collection":[{"href":"https:\/\/yerdenizkooperatifi.org\/index.php\/wp-json\/wp\/v2\/posts"}],"about":[{"href":"https:\/\/yerdenizkooperatifi.org\/index.php\/wp-json\/wp\/v2\/types\/post"}],"author":[{"embeddable":true,"href":"https:\/\/yerdenizkooperatifi.org\/index.php\/wp-json\/wp\/v2\/users\/1"}],"replies":[{"embeddable":true,"href":"https:\/\/yerdenizkooperatifi.org\/index.php\/wp-json\/wp\/v2\/comments?post=2458"}],"version-history":[{"count":2,"href":"https:\/\/yerdenizkooperatifi.org\/index.php\/wp-json\/wp\/v2\/posts\/2458\/revisions"}],"predecessor-version":[{"id":2472,"href":"https:\/\/yerdenizkooperatifi.org\/index.php\/wp-json\/wp\/v2\/posts\/2458\/revisions\/2472"}],"wp:featuredmedia":[{"embeddable":true,"href":"https:\/\/yerdenizkooperatifi.org\/index.php\/wp-json\/wp\/v2\/media\/2461"}],"wp:attachment":[{"href":"https:\/\/yerdenizkooperatifi.org\/index.php\/wp-json\/wp\/v2\/media?parent=2458"}],"wp:term":[{"taxonomy":"category","embeddable":true,"href":"https:\/\/yerdenizkooperatifi.org\/index.php\/wp-json\/wp\/v2\/categories?post=2458"},{"taxonomy":"post_tag","embeddable":true,"href":"https:\/\/yerdenizkooperatifi.org\/index.php\/wp-json\/wp\/v2\/tags?post=2458"}],"curies":[{"name":"wp","href":"https:\/\/api.w.org\/{rel}","templated":true}]}}