{"id":2512,"date":"2025-01-09T13:06:05","date_gmt":"2025-01-09T13:06:05","guid":{"rendered":"https:\/\/yerdenizkooperatifi.org\/?p=2512"},"modified":"2026-02-09T12:15:27","modified_gmt":"2026-02-09T12:15:27","slug":"yerdeniz-kooperatifi-yayinlarinin-ilk-kitabi-cikti","status":"publish","type":"post","link":"https:\/\/yerdenizkooperatifi.org\/index.php\/2025\/01\/09\/yerdeniz-kooperatifi-yayinlarinin-ilk-kitabi-cikti\/","title":{"rendered":"YerDeniz Kooperatifi Yay\u0131nlar\u0131n\u0131n \u0130lk Kitab\u0131 \u00c7\u0131kt\u0131"},"content":{"rendered":"\n<p>YerDeniz Kooperatifi  olarak bir s\u00fcredir yay\u0131nc\u0131l\u0131k faaliyeti ile ilgili resmi i\u015fleri tamamlamaya \u00e7al\u0131\u015f\u0131yorduk. Nihayet resmi i\u015flerimiz tamamland\u0131 ve yay\u0131nc\u0131l\u0131k sertifikam\u0131z\u0131 ald\u0131k. Ard\u0131ndan kendi birikimimizi bir kitap haline getirmek i\u00e7in kollar\u0131 s\u0131vad\u0131k. &#8220;YerDeniz Koop, Anti-Kapitalist Dayan\u0131\u015fma Ekonomisi ve Halk\u0131n G\u0131da Egemenli\u011fi Yaz\u0131lar\u0131&#8221; ba\u015fl\u0131kl\u0131 kitab\u0131m\u0131z kolektif bir \u00e7aban\u0131n \u00fcr\u00fcn\u00fc olarak ortaya \u00e7\u0131kt\u0131. <\/p>\n\n\n\n<p>Asl\u0131nda kooperatif\u00e7ilik konusuna bak\u0131\u015f\u0131m\u0131z\u0131 zaman zaman web sitemiz \u00fczerinden, \u00e7e\u015fitli yaz\u0131larla aktard\u0131k. Bu yaz\u0131larla anti-kapitalist dayan\u0131\u015fma ekonomisinden ne anl\u0131yoruz, de\u011ferlerimiz neler olmal\u0131 gibi pek \u00e7ok soruyu kolektif birlikte \u00f6\u011frenme s\u00fcreci olarak ele ald\u0131k. Yaz\u0131lar\u0131m\u0131z\u0131 farkl\u0131 at\u00f6lyelerle zenginle\u015ftirdik ve \u015fimdi YerDeniz Kooperatifi&#8217;nin deneyimlerini, pratik olarak i\u015fleyi\u015fini, konuya bak\u0131\u015f perspektifini bu kitapla birlikte okuyucuyla bulu\u015fturduk. Kimimiz i\u00e7in on y\u0131ll\u0131k deneyim kal\u0131c\u0131 bir formda var oluyor, kimimiz i\u00e7in ya\u015fam\u0131m\u0131z\u0131 g\u00fczelle\u015ftiren kooperatif prati\u011fi ete kemi\u011fe b\u00fcr\u00fcn\u00fcyor. M\u00fctevaz\u0131 bir yakla\u015f\u0131mla y\u00fcr\u00fcd\u00fc\u011f\u00fcm\u00fcz bu yolda, ya\u015fam\u0131 birlikte \u00f6rg\u00fctlemenin yeni bir ad\u0131m\u0131n\u0131 daha atman\u0131n heyecan\u0131n\u0131 ta\u015f\u0131yoruz. <\/p>\n\n\n\n<p>Kitab\u0131m\u0131z\u0131 Yelde\u011firmeni, G\u00f6ztepe ve Kuzguncuk kooperatifleri raflar\u0131nda bulabilirsiniz. Meram\u0131m\u0131z alternatif ekonomi konusunu kendisine dert edinenleri, kendimizden ba\u015flayarak ele\u015ftirel bir g\u00f6zle g\u00f6rebilmek ve bu alanda anti kapitalist dayan\u0131\u015fma ekonomileri de\u011ferlerini yeniden ortaya koymakt\u0131r. Kitapla ilgili ortak bir de\u011ferlendirme toplant\u0131s\u0131 yapmak ve gelen katk\u0131larla birlikte, bu ad\u0131m\u0131 bir ileri noktaya ta\u015f\u0131mak istiyoruz&#8230;<\/p>\n\n\n\n<p><\/p>\n","protected":false},"excerpt":{"rendered":"<p>YerDeniz Kooperatifi olarak bir s\u00fcredir yay\u0131nc\u0131l\u0131k faaliyeti ile ilgili resmi i\u015fleri tamamlamaya \u00e7al\u0131\u015f\u0131yorduk. Nihayet resmi i\u015flerimiz tamamland\u0131 ve yay\u0131nc\u0131l\u0131k sertifikam\u0131z\u0131<\/p>\n","protected":false},"author":1,"featured_media":2584,"comment_status":"open","ping_status":"open","sticky":false,"template":"","format":"standard","meta":[],"categories":[4,122],"tags":[50,80,35,67,37],"gutentor_comment":0,"_links":{"self":[{"href":"https:\/\/yerdenizkooperatifi.org\/index.php\/wp-json\/wp\/v2\/posts\/2512"}],"collection":[{"href":"https:\/\/yerdenizkooperatifi.org\/index.php\/wp-json\/wp\/v2\/posts"}],"about":[{"href":"https:\/\/yerdenizkooperatifi.org\/index.php\/wp-json\/wp\/v2\/types\/post"}],"author":[{"embeddable":true,"href":"https:\/\/yerdenizkooperatifi.org\/index.php\/wp-json\/wp\/v2\/users\/1"}],"replies":[{"embeddable":true,"href":"https:\/\/yerdenizkooperatifi.org\/index.php\/wp-json\/wp\/v2\/comments?post=2512"}],"version-history":[{"count":4,"href":"https:\/\/yerdenizkooperatifi.org\/index.php\/wp-json\/wp\/v2\/posts\/2512\/revisions"}],"predecessor-version":[{"id":2623,"href":"https:\/\/yerdenizkooperatifi.org\/index.php\/wp-json\/wp\/v2\/posts\/2512\/revisions\/2623"}],"wp:featuredmedia":[{"embeddable":true,"href":"https:\/\/yerdenizkooperatifi.org\/index.php\/wp-json\/wp\/v2\/media\/2584"}],"wp:attachment":[{"href":"https:\/\/yerdenizkooperatifi.org\/index.php\/wp-json\/wp\/v2\/media?parent=2512"}],"wp:term":[{"taxonomy":"category","embeddable":true,"href":"https:\/\/yerdenizkooperatifi.org\/index.php\/wp-json\/wp\/v2\/categories?post=2512"},{"taxonomy":"post_tag","embeddable":true,"href":"https:\/\/yerdenizkooperatifi.org\/index.php\/wp-json\/wp\/v2\/tags?post=2512"}],"curies":[{"name":"wp","href":"https:\/\/api.w.org\/{rel}","templated":true}]}}