{"id":2699,"date":"2026-03-24T14:03:00","date_gmt":"2026-03-24T14:03:00","guid":{"rendered":"https:\/\/yerdenizkooperatifi.org\/?p=2699"},"modified":"2026-04-29T14:04:28","modified_gmt":"2026-04-29T14:04:28","slug":"cevrimici-agroekoloji-toplantilari-basladi","status":"publish","type":"post","link":"https:\/\/yerdenizkooperatifi.org\/index.php\/2026\/03\/24\/cevrimici-agroekoloji-toplantilari-basladi\/","title":{"rendered":"\u00c7evrimi\u00e7i Agroekoloji Toplant\u0131lar\u0131 Ba\u015flad\u0131"},"content":{"rendered":"\n<p>\u00c7ift\u00e7iden \u00e7ift\u00e7iye \u00f6\u011frenme pratiklerini geli\u015ftirmek, yerelde ki bilgileri bir araya getirebilmek i\u00e7in \u00e7evrimi\u00e7i toplant\u0131lar yapmaya ba\u015flad\u0131k. Yolun ba\u015f\u0131nda oldu\u011fumuzun fark\u0131nday\u0131z \u015fimdilik ancak agroekolojik y\u00f6ntemleri \u00f6\u011frenmek ve kendi tarlalar\u0131m\u0131zda uygulamak i\u00e7in kararl\u0131y\u0131z. Farkl\u0131 kentlerdeki \u00e7ift\u00e7iler, kooperatif\u00e7iler, gen\u00e7ler olarak g\u0131da \u00fcretmek, bostanlar\u0131 ye\u015fertmek ortak hayalleriyle \u00e7evrimi\u00e7i bulu\u015fuyor, konu\u015fuyoruz. <\/p>\n\n\n\n<p>Toplant\u0131lar\u0131m\u0131zda zehir kullanmadan, yerel \/ yadigar tohumlarla \u00fcretim yapman\u0131n zorluklar\u0131, deneyimledi\u011fimiz bilgileri, kendi aram\u0131zda tohum takas etmeyi, bitki besleme ve toprak zenginle\u015ftirme konular\u0131nda bilgi al\u0131\u015fveri\u015finde bulunmaya \u00e7al\u0131\u015f\u0131yoruz. Tar\u0131m zararl\u0131lar\u0131 konusunda ki \u00e7\u00f6z\u00fcmleri bir araya getirmeyi ve ortak haf\u0131zay\u0131 g\u00fc\u00e7lendirmeyi hedefliyoruz. \u015eimdilik farkl\u0131 illerle sohbet ediyoruz, ileride tarla ziyaretleri yapmak konusunda ad\u0131mlar atabiliriz. Ya\u015fam bizi bir araya gelmeye ve deneyimlerimizi ortakla\u015ft\u0131rmaya, imece k\u00fclt\u00fcr\u00fcn\u00fc yayg\u0131nla\u015ft\u0131rmaya \u00e7a\u011f\u0131r\u0131yor. Birbirimizin \u00e7aresi olmaya mecburuz&#8230;<\/p>\n\n\n\n<div class=\"wp-container-2 wp-block-group\"><div class=\"wp-block-group__inner-container\">\n<div class=\"wp-container-1 wp-block-group\"><div class=\"wp-block-group__inner-container\">\n<div class=\"wp-block-columns\">\n<div class=\"wp-block-column\" style=\"flex-basis:100%\"><\/div>\n<\/div>\n<\/div><\/div>\n<\/div><\/div>\n\n\n\n<div class=\"wp-container-3 wp-block-group\"><div class=\"wp-block-group__inner-container\">\n<figure class=\"wp-block-gallery has-nested-images columns-default is-cropped\">\n<figure class=\"wp-block-image size-large\"><img loading=\"lazy\" width=\"1080\" height=\"1080\" src=\"http:\/\/yerdenizkooperatifi.org\/wp-content\/uploads\/2026\/04\/agroekoloji4-1.png\" alt=\"\" class=\"wp-image-2703\" srcset=\"https:\/\/yerdenizkooperatifi.org\/wp-content\/uploads\/2026\/04\/agroekoloji4-1.png 1080w, https:\/\/yerdenizkooperatifi.org\/wp-content\/uploads\/2026\/04\/agroekoloji4-1-365x365.png 365w, https:\/\/yerdenizkooperatifi.org\/wp-content\/uploads\/2026\/04\/agroekoloji4-1-840x840.png 840w, https:\/\/yerdenizkooperatifi.org\/wp-content\/uploads\/2026\/04\/agroekoloji4-1-768x768.png 768w\" sizes=\"(max-width: 1080px) 100vw, 1080px\" \/><\/figure>\n\n\n\n<figure class=\"wp-block-image size-large\"><img loading=\"lazy\" width=\"1080\" height=\"1080\" src=\"http:\/\/yerdenizkooperatifi.org\/wp-content\/uploads\/2026\/04\/online2.jpeg\" alt=\"\" class=\"wp-image-2700\" srcset=\"https:\/\/yerdenizkooperatifi.org\/wp-content\/uploads\/2026\/04\/online2.jpeg 1080w, https:\/\/yerdenizkooperatifi.org\/wp-content\/uploads\/2026\/04\/online2-365x365.jpeg 365w, https:\/\/yerdenizkooperatifi.org\/wp-content\/uploads\/2026\/04\/online2-840x840.jpeg 840w, https:\/\/yerdenizkooperatifi.org\/wp-content\/uploads\/2026\/04\/online2-768x768.jpeg 768w\" sizes=\"(max-width: 1080px) 100vw, 1080px\" \/><\/figure>\n<\/figure>\n<\/div><\/div>\n\n\n\n<p><\/p>\n","protected":false},"excerpt":{"rendered":"<p>\u00c7ift\u00e7iden \u00e7ift\u00e7iye \u00f6\u011frenme pratiklerini geli\u015ftirmek, yerelde ki bilgileri bir araya getirebilmek i\u00e7in \u00e7evrimi\u00e7i toplant\u0131lar yapmaya ba\u015flad\u0131k. Yolun ba\u015f\u0131nda oldu\u011fumuzun fark\u0131nday\u0131z<\/p>\n","protected":false},"author":1,"featured_media":2706,"comment_status":"closed","ping_status":"closed","sticky":false,"template":"","format":"standard","meta":[],"categories":[124,4],"tags":[80,35,67,37,106],"gutentor_comment":0,"_links":{"self":[{"href":"https:\/\/yerdenizkooperatifi.org\/index.php\/wp-json\/wp\/v2\/posts\/2699"}],"collection":[{"href":"https:\/\/yerdenizkooperatifi.org\/index.php\/wp-json\/wp\/v2\/posts"}],"about":[{"href":"https:\/\/yerdenizkooperatifi.org\/index.php\/wp-json\/wp\/v2\/types\/post"}],"author":[{"embeddable":true,"href":"https:\/\/yerdenizkooperatifi.org\/index.php\/wp-json\/wp\/v2\/users\/1"}],"replies":[{"embeddable":true,"href":"https:\/\/yerdenizkooperatifi.org\/index.php\/wp-json\/wp\/v2\/comments?post=2699"}],"version-history":[{"count":2,"href":"https:\/\/yerdenizkooperatifi.org\/index.php\/wp-json\/wp\/v2\/posts\/2699\/revisions"}],"predecessor-version":[{"id":2707,"href":"https:\/\/yerdenizkooperatifi.org\/index.php\/wp-json\/wp\/v2\/posts\/2699\/revisions\/2707"}],"wp:featuredmedia":[{"embeddable":true,"href":"https:\/\/yerdenizkooperatifi.org\/index.php\/wp-json\/wp\/v2\/media\/2706"}],"wp:attachment":[{"href":"https:\/\/yerdenizkooperatifi.org\/index.php\/wp-json\/wp\/v2\/media?parent=2699"}],"wp:term":[{"taxonomy":"category","embeddable":true,"href":"https:\/\/yerdenizkooperatifi.org\/index.php\/wp-json\/wp\/v2\/categories?post=2699"},{"taxonomy":"post_tag","embeddable":true,"href":"https:\/\/yerdenizkooperatifi.org\/index.php\/wp-json\/wp\/v2\/tags?post=2699"}],"curies":[{"name":"wp","href":"https:\/\/api.w.org\/{rel}","templated":true}]}}