{"id":2708,"date":"2026-04-12T14:05:00","date_gmt":"2026-04-12T14:05:00","guid":{"rendered":"https:\/\/yerdenizkooperatifi.org\/?p=2708"},"modified":"2026-04-30T10:16:25","modified_gmt":"2026-04-30T10:16:25","slug":"kampus-bostanlari-ile-siledeyiz","status":"publish","type":"post","link":"https:\/\/yerdenizkooperatifi.org\/index.php\/2026\/04\/12\/kampus-bostanlari-ile-siledeyiz\/","title":{"rendered":"Kamp\u00fcs Bostanlar\u0131 \u0130le \u015eile&#8217;deyiz"},"content":{"rendered":"\n<p>\u0130stanbul\u2019da bulunan \u0130T\u00dc Devrim Bostan\u0131, \u0130T\u00dc Ayaza\u011fa Bostan\u0131, Bilgi Bostan\u0131 ve Bo\u011fazi\u00e7i Tarlataban\u2019\u0131n bir araya gelerek olu\u015fturduklar\u0131 Kamp\u00fcs Bostanlar\u0131 ile \u015eile&#8217;de ki tarlam\u0131zda bir araya geldik. Kad\u0131k\u00f6y Belediyesi&#8217;nin ara\u00e7 deste\u011fi ile \u0130stanbul&#8217;da bulu\u015farak yola koyulduk. Tarla gezisi sonras\u0131 m\u00fctevazi sofram\u0131zda bostanlar \u00fczerine sohbet ettik. Fideleme y\u00f6ntemleri ve topra\u011f\u0131n haz\u0131rlanmas\u0131 konusunda koyu sohbetimize semaverin t\u0131ng\u0131rt\u0131s\u0131 e\u015flik etti. Bezelyelerimiz b\u00fcy\u00fcm\u00fc\u015f, yabani rokam\u0131z \u00e7i\u00e7e\u011fe durmu\u015f, yeni fidanlar\u0131m\u0131z ilk yapraklar\u0131n\u0131 \u00e7\u0131karm\u0131\u015f, ada\u00e7ay\u0131m\u0131z kokusuyla bizi kendine \u00e7ekerken bahar inceden inceye tarlan\u0131n \u00e7ehresini de\u011fi\u015ftirmi\u015f. Topra\u011f\u0131n verdi\u011fi huzur, \u015fehirden uzakla\u015fman\u0131n hazz\u0131yla birle\u015fti gen\u00e7lerle birlikte keyifli bir g\u00fcn ge\u00e7irdik. Geriye o g\u00fcnden kalan renkli foto\u011fraflar\u0131m\u0131z oldu&#8230;<\/p>\n\n\n\n<figure class=\"wp-block-gallery has-nested-images columns-default is-cropped\">\n<figure class=\"wp-block-image size-large\"><img loading=\"lazy\" width=\"840\" height=\"630\" data-id=\"2714\"  src=\"https:\/\/yerdenizkooperatifi.org\/wp-content\/uploads\/2026\/04\/tarla-2-840x630.jpeg\" alt=\"\" class=\"wp-image-2714\" srcset=\"https:\/\/yerdenizkooperatifi.org\/wp-content\/uploads\/2026\/04\/tarla-2-840x630.jpeg 840w, https:\/\/yerdenizkooperatifi.org\/wp-content\/uploads\/2026\/04\/tarla-2-487x365.jpeg 487w, https:\/\/yerdenizkooperatifi.org\/wp-content\/uploads\/2026\/04\/tarla-2-768x576.jpeg 768w, https:\/\/yerdenizkooperatifi.org\/wp-content\/uploads\/2026\/04\/tarla-2-1536x1152.jpeg 1536w, https:\/\/yerdenizkooperatifi.org\/wp-content\/uploads\/2026\/04\/tarla-2-600x450.jpeg 600w, https:\/\/yerdenizkooperatifi.org\/wp-content\/uploads\/2026\/04\/tarla-2.jpeg 2000w\" sizes=\"(max-width: 840px) 100vw, 840px\" \/><\/figure>\n\n\n\n<figure class=\"wp-block-image size-large\"><img loading=\"lazy\" width=\"840\" height=\"630\" data-id=\"2711\"  src=\"https:\/\/yerdenizkooperatifi.org\/wp-content\/uploads\/2026\/04\/tarla-4-840x630.jpeg\" alt=\"\" class=\"wp-image-2711\" srcset=\"https:\/\/yerdenizkooperatifi.org\/wp-content\/uploads\/2026\/04\/tarla-4-840x630.jpeg 840w, https:\/\/yerdenizkooperatifi.org\/wp-content\/uploads\/2026\/04\/tarla-4-487x365.jpeg 487w, https:\/\/yerdenizkooperatifi.org\/wp-content\/uploads\/2026\/04\/tarla-4-768x576.jpeg 768w, https:\/\/yerdenizkooperatifi.org\/wp-content\/uploads\/2026\/04\/tarla-4-1536x1152.jpeg 1536w, https:\/\/yerdenizkooperatifi.org\/wp-content\/uploads\/2026\/04\/tarla-4-600x450.jpeg 600w, https:\/\/yerdenizkooperatifi.org\/wp-content\/uploads\/2026\/04\/tarla-4.jpeg 2000w\" sizes=\"(max-width: 840px) 100vw, 840px\" \/><\/figure>\n\n\n\n<figure class=\"wp-block-image size-large\"><img loading=\"lazy\" width=\"840\" height=\"630\" data-id=\"2709\"  src=\"https:\/\/yerdenizkooperatifi.org\/wp-content\/uploads\/2026\/04\/tarla-5-840x630.jpeg\" alt=\"\" class=\"wp-image-2709\" srcset=\"https:\/\/yerdenizkooperatifi.org\/wp-content\/uploads\/2026\/04\/tarla-5-840x630.jpeg 840w, https:\/\/yerdenizkooperatifi.org\/wp-content\/uploads\/2026\/04\/tarla-5-487x365.jpeg 487w, https:\/\/yerdenizkooperatifi.org\/wp-content\/uploads\/2026\/04\/tarla-5-768x576.jpeg 768w, https:\/\/yerdenizkooperatifi.org\/wp-content\/uploads\/2026\/04\/tarla-5-1536x1152.jpeg 1536w, https:\/\/yerdenizkooperatifi.org\/wp-content\/uploads\/2026\/04\/tarla-5-600x450.jpeg 600w, https:\/\/yerdenizkooperatifi.org\/wp-content\/uploads\/2026\/04\/tarla-5.jpeg 2000w\" sizes=\"(max-width: 840px) 100vw, 840px\" \/><\/figure>\n\n\n\n<figure class=\"wp-block-image size-large\"><img loading=\"lazy\" width=\"840\" height=\"630\" data-id=\"2712\"  src=\"https:\/\/yerdenizkooperatifi.org\/wp-content\/uploads\/2026\/04\/tarla-6-840x630.jpeg\" alt=\"\" class=\"wp-image-2712\" srcset=\"https:\/\/yerdenizkooperatifi.org\/wp-content\/uploads\/2026\/04\/tarla-6-840x630.jpeg 840w, https:\/\/yerdenizkooperatifi.org\/wp-content\/uploads\/2026\/04\/tarla-6-487x365.jpeg 487w, https:\/\/yerdenizkooperatifi.org\/wp-content\/uploads\/2026\/04\/tarla-6-768x576.jpeg 768w, https:\/\/yerdenizkooperatifi.org\/wp-content\/uploads\/2026\/04\/tarla-6-1536x1152.jpeg 1536w, https:\/\/yerdenizkooperatifi.org\/wp-content\/uploads\/2026\/04\/tarla-6-600x450.jpeg 600w, https:\/\/yerdenizkooperatifi.org\/wp-content\/uploads\/2026\/04\/tarla-6.jpeg 2000w\" sizes=\"(max-width: 840px) 100vw, 840px\" \/><\/figure>\n\n\n\n<figure class=\"wp-block-image size-large\"><img loading=\"lazy\" width=\"840\" height=\"630\" data-id=\"2710\"  src=\"https:\/\/yerdenizkooperatifi.org\/wp-content\/uploads\/2026\/04\/tarla-7-840x630.jpeg\" alt=\"\" class=\"wp-image-2710\" srcset=\"https:\/\/yerdenizkooperatifi.org\/wp-content\/uploads\/2026\/04\/tarla-7-840x630.jpeg 840w, https:\/\/yerdenizkooperatifi.org\/wp-content\/uploads\/2026\/04\/tarla-7-487x365.jpeg 487w, https:\/\/yerdenizkooperatifi.org\/wp-content\/uploads\/2026\/04\/tarla-7-768x576.jpeg 768w, https:\/\/yerdenizkooperatifi.org\/wp-content\/uploads\/2026\/04\/tarla-7-1536x1152.jpeg 1536w, https:\/\/yerdenizkooperatifi.org\/wp-content\/uploads\/2026\/04\/tarla-7-600x450.jpeg 600w, https:\/\/yerdenizkooperatifi.org\/wp-content\/uploads\/2026\/04\/tarla-7.jpeg 2000w\" sizes=\"(max-width: 840px) 100vw, 840px\" \/><\/figure>\n\n\n\n<figure class=\"wp-block-image size-large\"><img loading=\"lazy\" width=\"840\" height=\"630\" data-id=\"2713\"  src=\"https:\/\/yerdenizkooperatifi.org\/wp-content\/uploads\/2026\/04\/tarla1-840x630.jpeg\" alt=\"\" class=\"wp-image-2713\" srcset=\"https:\/\/yerdenizkooperatifi.org\/wp-content\/uploads\/2026\/04\/tarla1-840x630.jpeg 840w, https:\/\/yerdenizkooperatifi.org\/wp-content\/uploads\/2026\/04\/tarla1-487x365.jpeg 487w, https:\/\/yerdenizkooperatifi.org\/wp-content\/uploads\/2026\/04\/tarla1-768x576.jpeg 768w, https:\/\/yerdenizkooperatifi.org\/wp-content\/uploads\/2026\/04\/tarla1-1536x1152.jpeg 1536w, https:\/\/yerdenizkooperatifi.org\/wp-content\/uploads\/2026\/04\/tarla1-600x450.jpeg 600w, https:\/\/yerdenizkooperatifi.org\/wp-content\/uploads\/2026\/04\/tarla1.jpeg 2000w\" sizes=\"(max-width: 840px) 100vw, 840px\" \/><\/figure>\n<\/figure>\n\n\n\n<figure class=\"wp-block-gallery has-nested-images columns-default is-cropped\">\n<figure class=\"wp-block-image size-large\"><img loading=\"lazy\" width=\"1080\" height=\"1080\" data-id=\"2715\"  src=\"http:\/\/yerdenizkooperatifi.org\/wp-content\/uploads\/2026\/04\/agroekoloji.png\" alt=\"\" class=\"wp-image-2715\" srcset=\"https:\/\/yerdenizkooperatifi.org\/wp-content\/uploads\/2026\/04\/agroekoloji.png 1080w, https:\/\/yerdenizkooperatifi.org\/wp-content\/uploads\/2026\/04\/agroekoloji-365x365.png 365w, https:\/\/yerdenizkooperatifi.org\/wp-content\/uploads\/2026\/04\/agroekoloji-840x840.png 840w, https:\/\/yerdenizkooperatifi.org\/wp-content\/uploads\/2026\/04\/agroekoloji-768x768.png 768w\" sizes=\"(max-width: 1080px) 100vw, 1080px\" \/><\/figure>\n<\/figure>\n\n\n\n<p><\/p>\n","protected":false},"excerpt":{"rendered":"<p>\u0130stanbul\u2019da bulunan \u0130T\u00dc Devrim Bostan\u0131, \u0130T\u00dc Ayaza\u011fa Bostan\u0131, Bilgi Bostan\u0131 ve Bo\u011fazi\u00e7i Tarlataban\u2019\u0131n bir araya gelerek olu\u015fturduklar\u0131 Kamp\u00fcs Bostanlar\u0131 ile<\/p>\n","protected":false},"author":1,"featured_media":2716,"comment_status":"closed","ping_status":"closed","sticky":false,"template":"","format":"standard","meta":[],"categories":[124,5,4],"tags":[80,74,35,67,37],"gutentor_comment":0,"_links":{"self":[{"href":"https:\/\/yerdenizkooperatifi.org\/index.php\/wp-json\/wp\/v2\/posts\/2708"}],"collection":[{"href":"https:\/\/yerdenizkooperatifi.org\/index.php\/wp-json\/wp\/v2\/posts"}],"about":[{"href":"https:\/\/yerdenizkooperatifi.org\/index.php\/wp-json\/wp\/v2\/types\/post"}],"author":[{"embeddable":true,"href":"https:\/\/yerdenizkooperatifi.org\/index.php\/wp-json\/wp\/v2\/users\/1"}],"replies":[{"embeddable":true,"href":"https:\/\/yerdenizkooperatifi.org\/index.php\/wp-json\/wp\/v2\/comments?post=2708"}],"version-history":[{"count":2,"href":"https:\/\/yerdenizkooperatifi.org\/index.php\/wp-json\/wp\/v2\/posts\/2708\/revisions"}],"predecessor-version":[{"id":2718,"href":"https:\/\/yerdenizkooperatifi.org\/index.php\/wp-json\/wp\/v2\/posts\/2708\/revisions\/2718"}],"wp:featuredmedia":[{"embeddable":true,"href":"https:\/\/yerdenizkooperatifi.org\/index.php\/wp-json\/wp\/v2\/media\/2716"}],"wp:attachment":[{"href":"https:\/\/yerdenizkooperatifi.org\/index.php\/wp-json\/wp\/v2\/media?parent=2708"}],"wp:term":[{"taxonomy":"category","embeddable":true,"href":"https:\/\/yerdenizkooperatifi.org\/index.php\/wp-json\/wp\/v2\/categories?post=2708"},{"taxonomy":"post_tag","embeddable":true,"href":"https:\/\/yerdenizkooperatifi.org\/index.php\/wp-json\/wp\/v2\/tags?post=2708"}],"curies":[{"name":"wp","href":"https:\/\/api.w.org\/{rel}","templated":true}]}}