{"id":485,"date":"2021-01-02T13:42:00","date_gmt":"2021-01-02T13:42:00","guid":{"rendered":"http:\/\/yerdenizkooperatifi.org\/?p=485"},"modified":"2021-04-10T00:22:28","modified_gmt":"2021-04-10T00:22:28","slug":"temel-ilkelerimiz","status":"publish","type":"post","link":"https:\/\/yerdenizkooperatifi.org\/index.php\/2021\/01\/02\/temel-ilkelerimiz\/","title":{"rendered":"Temel \u0130lkelerimiz"},"content":{"rendered":"\n<p><\/p>\n\n\n\n<p><strong>E\u015fitlik<\/strong><\/p>\n\n\n\n<p>Ortaklara\/g\u00f6n\u00fcll\u00fclere e\u015fit haklar ve y\u00fck\u00fcml\u00fcl\u00fckler vermek, kolektifin olu\u015fturdu\u011fu her t\u00fcrl\u00fc maddi ve manevi de\u011ferlerin e\u015fit olarak payla\u015ft\u0131r\u0131lmas\u0131n\u0131 sa\u011flamak, Kooperatif\u2019 in temel e\u015fitlik ilkesini olu\u015fturur. Kooperatif \u00e7al\u0131\u015fmas\u0131 i\u00e7inde yap\u0131lacak adil i\u015f b\u00f6l\u00fcm\u00fc ile her bir orta\u011f\u0131n\/g\u00f6n\u00fcll\u00fcn\u00fcn yarat\u0131c\u0131, geli\u015ftirici, inisiyatif geli\u015ftirici i\u015fler yan\u0131nda s\u0131k\u0131c\u0131, tekrara dayal\u0131 ve yorucu i\u015fleri de \u00fcstlenmesi gerekir. Kooperatif \u00e7at\u0131s\u0131 alt\u0131nda, ortaklar\u0131n\u0131n\/g\u00f6n\u00fcll\u00fclerinin beceri ve kabiliyetleri yok say\u0131lmaz ama yap\u0131lacak i\u015flerde rotasyon uygulanarak kimsenin kendini ast ya da \u00fcst hissetmeyece\u011fi, hiyerar\u015fik olmayan bir yap\u0131 in\u015fa edilir. Karar alma s\u00fcre\u00e7lerinin demokratik i\u015fletilmesi ve ortaya \u00e7\u0131kan toplumsal faydan\u0131n e\u015fit payla\u015f\u0131lmas\u0131 Kooperatif e\u015fitlik ilkesinin ayr\u0131lmaz bir par\u00e7as\u0131d\u0131r.<\/p>\n\n\n\n<p><strong>Kolektif \u00c7al\u0131\u015fma<\/strong><\/p>\n\n\n\n<p>Kooperatifin b\u00fct\u00fcn faaliyet alanlar\u0131nda ve \u00e7al\u0131\u015fma gruplar\u0131nda, kolektif davranma bilincini geli\u015ftirmeye y\u00f6nelik davran\u0131\u015f ve y\u00f6ntemler izlenir. Kooperatif \u00e7al\u0131\u015fmalar\u0131n\u0131, ki\u015filere endekslemeden, kooperatif&#8217; in her bir orta\u011f\u0131n\u0131n\/g\u00f6n\u00fcll\u00fcs\u00fcn\u00fcn ortak akl\u0131 ve katk\u0131s\u0131yla y\u00fcr\u00fct\u00fcr. Kooperatif ortaklar\u0131n\u0131n\/g\u00f6n\u00fcll\u00fclerinin bireysel davranmamas\u0131, \u00e7al\u0131\u015fmalarda kat\u0131l\u0131mc\u0131l\u0131\u011f\u0131 art\u0131rmas\u0131 kolektif \u00e7al\u0131\u015fman\u0131n ayr\u0131lmaz bir par\u00e7as\u0131d\u0131r. Kooperatif, farkl\u0131 faaliyet alanlar\u0131nda \u00e7al\u0131\u015fmadan geri durulmas\u0131n\u0131, edilgen olunmas\u0131n\u0131 engellemek i\u00e7in ortaklar\u0131n\/g\u00f6n\u00fcll\u00fclerin inisiyatif alma becerilerini geli\u015ftirmeye \u00e7al\u0131\u015f\u0131r. Kolektif \u00e7al\u0131\u015fma i\u00e7erisinde ba\u015far\u0131lar kadar ba\u015far\u0131s\u0131zl\u0131klar da ortak olarak sahiplenilir ve sorunlar kolektif bir bi\u00e7imde tart\u0131\u015f\u0131l\u0131p \u00e7\u00f6z\u00fclmeye \u00e7al\u0131\u015f\u0131l\u0131r.<\/p>\n\n\n\n<p><\/p>\n\n\n\n<p><strong>Dayan\u0131\u015fma<\/strong><\/p>\n\n\n\n<p>Kooperatif, ortaklar\u0131n\u0131n\/g\u00f6n\u00fcll\u00fclerinin ihtiya\u00e7lar\u0131n\u0131 kar\u015f\u0131lamak i\u00e7in bir araya geldi\u011fi dayan\u0131\u015fma \u00f6rg\u00fct\u00fcd\u00fcr. Kooperatif, kendisini toplumsal yap\u0131n\u0131n bir par\u00e7as\u0131 olarak g\u00f6r\u00fcr ve toplum i\u00e7inde farkl\u0131 kesimlerin, kurumlar\u0131n, a\u011flar\u0131n, inisiyatiflerin g\u00fc\u00e7lenmesini ve dayan\u0131\u015fmas\u0131n\u0131 hedefler. Bu a\u00e7\u0131dan, farkl\u0131 kurum ve inisiyatiflerle, kooperatif ama\u00e7lar\u0131n\u0131n ve \u00e7al\u0131\u015fma alanlar\u0131n\u0131n kesi\u015fti\u011fi \u00f6l\u00e7\u00fc de pratik dayan\u0131\u015fma ili\u015fkileri geli\u015ftirir. Dayan\u0131\u015fma bir\u00e7ok bi\u00e7im alabilir; dayan\u0131\u015fman\u0131n alaca\u011f\u0131 bi\u00e7imler toplumun yarat\u0131c\u0131l\u0131k kapasitesine ba\u011fl\u0131d\u0131r ve her daim geli\u015fmeye a\u00e7\u0131kt\u0131r. Kooperatifi bu a\u00e7\u0131dan \u00f6ncelikle farkl\u0131 \u015fekillerde g\u00fc\u00e7s\u00fczle\u015fen veya g\u00fc\u00e7s\u00fczle\u015ftirilen \u00fcretimden tasfiye edilen \u00fcreticiler, afetzedeler, ya\u015fam ko\u015fullar\u0131 \u00e7e\u015fitli bi\u00e7imlerde ortadan kald\u0131r\u0131lanlar, zorla g\u00f6\u00e7e mahk\u00fbm edilenler, i\u015ften at\u0131lanlar, i\u015fsizler, g\u00fcvencesizler, sa\u011fl\u0131k hakk\u0131 elinden al\u0131nanlar vb. kesimlerle maddi ve manevi dayan\u0131\u015fma geli\u015ftirmeyi hedeflemektedir. Kooperatif ayn\u0131 zamanda kendi ortaklar\u0131\/g\u00f6n\u00fcll\u00fcleri aras\u0131nda da organik ba\u011flar\u0131n geli\u015fmesi i\u00e7in maddi ve manevi dayan\u0131\u015fma pratikleri geli\u015ftirmeyi ama\u00e7lar.<\/p>\n\n\n\n<p><strong>\u015eeffafl\u0131k<\/strong><\/p>\n\n\n\n<p>Kooperatif ortaklar\u0131n\u0131n \/ g\u00f6n\u00fcll\u00fclerin kararlar\u0131n, kurallar ve d\u00fczenlemeler do\u011frultusunda al\u0131nmas\u0131 ve uygulanmas\u0131, al\u0131nan kararlar\u0131n bilgiye eri\u015fiminin sa\u011flanmas\u0131 ve bu bilginin de ula\u015f\u0131labilir, anla\u015f\u0131l\u0131r ve somut olmas\u0131 y\u00f6n\u00fcnde \u00e7al\u0131\u015fmalar yapar. Gerek yasal s\u00fcre\u00e7ler de (genel kurul veya ola\u011fan\u00fcst\u00fc kurullar vb.) gerek yasal s\u00fcrecin d\u0131\u015f\u0131nda yapt\u0131\u011f\u0131 (toplant\u0131 \u2013 birim \u00e7al\u0131\u015fmas\u0131 \u2013 d\u00fckk\u00e2n ile ilgili \u00e7al\u0131\u015fmalar da vb.) al\u0131nan kararlar ve \u00e7al\u0131\u015fmalar ortaklar\u0131n \/ g\u00f6n\u00fcll\u00fclerin bilgi edinmesine ve denetimine \u015feffafl\u0131kla ula\u015fmas\u0131n\u0131n ara\u00e7lar\u0131n\u0131 ve y\u00f6ntemlerini olu\u015fturur. Kooperatif \u2019in olu\u015fturaca\u011f\u0131 t\u00fcm belge ve dok\u00fcmanlar, \u00e7al\u0131\u015fmalara aktif olarak kat\u0131lan t\u00fcm ortaklar\u0131n\/g\u00f6n\u00fcll\u00fclerin ula\u015fabilece\u011fi, denetleyebilece\u011fi gibi ar\u015fivlenir. Ortaklar\/g\u00f6n\u00fcll\u00fcler \u015feffafl\u0131kla ilgili sorunlu g\u00f6rd\u00fc\u011f\u00fc yerler var ise, ilgili konular\u0131 haftal\u0131k toplant\u0131larda g\u00fcndem yaparak kolektifin bilgisine sunabilirler.<\/p>\n\n\n\n<p><strong>\u00c7evreye Duyarl\u0131l\u0131k<\/strong><\/p>\n\n\n\n<p>Kooperatif her t\u00fcrl\u00fc i\u015f ve i\u015fleyi\u015finde do\u011faya en az zarar verebilecek m\u00fcmk\u00fcnse s\u0131f\u0131r at\u0131k politikas\u0131yla &nbsp; hareket edecektir.&nbsp; Her t\u00fcrl\u00fc i\u015fbirliklerinde ekosistemin do\u011fal d\u00f6ng\u00fcs\u00fcne zarar vermeyecektir. \u00dcretim ve t\u00fcketim yollar\u0131 olarak geri d\u00f6n\u00fc\u015ft\u00fcrerek ileri kazan\u0131m ile daha b\u00fct\u00fcnc\u00fcl ve s\u00fcrd\u00fcr\u00fclebilir ya\u015fam bi\u00e7imlerini benimser.&nbsp; Uygulama y\u00f6ntemleri ile toplumda fark\u0131ndal\u0131k yaratarak rol model olacakt\u0131r.&nbsp; Do\u011fal enerji kaynaklar\u0131n\u0131n kullan\u0131m\u0131 ile ihtiya\u00e7 duyulan bar\u0131nma ya da \u00e7al\u0131\u015fma mekanlar\u0131n\u0131 ihtiya\u00e7lar\u0131 kar\u015f\u0131layacak kadar minimal ya\u015fam ko\u015fullar\u0131na uygun mimari yap\u0131lar tasarlayacakt\u0131r. Bu geleneksel mimari \u00f6rnekleri bulunulan ortamdaki do\u011fal d\u00f6ng\u00fclere zarar verilmeyecektir. Geleneksel mimari y\u00f6ntemleri ile in\u015fa edilmi\u015f yap\u0131larla \u00f6rnek k\u00f6yler olu\u015fturulabilinir.<\/p>\n\n\n\n\n\n<p><\/p>\n","protected":false},"excerpt":{"rendered":"<p>E\u015fitlik Ortaklara\/g\u00f6n\u00fcll\u00fclere e\u015fit haklar ve y\u00fck\u00fcml\u00fcl\u00fckler vermek, kolektifin olu\u015fturdu\u011fu her t\u00fcrl\u00fc maddi ve manevi de\u011ferlerin e\u015fit olarak payla\u015ft\u0131r\u0131lmas\u0131n\u0131 sa\u011flamak, Kooperatif\u2019<\/p>\n","protected":false},"author":1,"featured_media":0,"comment_status":"open","ping_status":"open","sticky":false,"template":"","format":"standard","meta":[],"categories":[26],"tags":[],"gutentor_comment":0,"_links":{"self":[{"href":"https:\/\/yerdenizkooperatifi.org\/index.php\/wp-json\/wp\/v2\/posts\/485"}],"collection":[{"href":"https:\/\/yerdenizkooperatifi.org\/index.php\/wp-json\/wp\/v2\/posts"}],"about":[{"href":"https:\/\/yerdenizkooperatifi.org\/index.php\/wp-json\/wp\/v2\/types\/post"}],"author":[{"embeddable":true,"href":"https:\/\/yerdenizkooperatifi.org\/index.php\/wp-json\/wp\/v2\/users\/1"}],"replies":[{"embeddable":true,"href":"https:\/\/yerdenizkooperatifi.org\/index.php\/wp-json\/wp\/v2\/comments?post=485"}],"version-history":[{"count":14,"href":"https:\/\/yerdenizkooperatifi.org\/index.php\/wp-json\/wp\/v2\/posts\/485\/revisions"}],"predecessor-version":[{"id":1527,"href":"https:\/\/yerdenizkooperatifi.org\/index.php\/wp-json\/wp\/v2\/posts\/485\/revisions\/1527"}],"wp:attachment":[{"href":"https:\/\/yerdenizkooperatifi.org\/index.php\/wp-json\/wp\/v2\/media?parent=485"}],"wp:term":[{"taxonomy":"category","embeddable":true,"href":"https:\/\/yerdenizkooperatifi.org\/index.php\/wp-json\/wp\/v2\/categories?post=485"},{"taxonomy":"post_tag","embeddable":true,"href":"https:\/\/yerdenizkooperatifi.org\/index.php\/wp-json\/wp\/v2\/tags?post=485"}],"curies":[{"name":"wp","href":"https:\/\/api.w.org\/{rel}","templated":true}]}}