{"id":503,"date":"2021-01-02T15:26:38","date_gmt":"2021-01-02T15:26:38","guid":{"rendered":"http:\/\/yerdenizkooperatifi.org\/?p=503"},"modified":"2021-04-12T11:08:15","modified_gmt":"2021-04-12T11:08:15","slug":"gida-egemenligi","status":"publish","type":"post","link":"https:\/\/yerdenizkooperatifi.org\/index.php\/2021\/01\/02\/gida-egemenligi\/","title":{"rendered":"G\u0131da Egemenli\u011fi"},"content":{"rendered":"\n<p>G\u0131da egemenli\u011fi kavram\u0131 ilk olarak bir k\u00fcresel k\u00f6yl\u00fc hareketi olarak Roma&#8217;da kurulmu\u015f La Via Campesina taraf\u0131ndan 11-17 Kas\u0131m 1996 toplant\u0131s\u0131 sonras\u0131nda yay\u0131mlanan bildirgede, g\u0131dan\u0131n temel bir insan hakk\u0131 oldu\u011fu ve \u2018G\u0131da Egemenli\u011fi\u2019 kavram\u0131n\u0131n garanti alt\u0131na al\u0131nmas\u0131 gereklili\u011fi ile vurgulanm\u0131\u015ft\u0131r.&nbsp;<a href=\"#_ftn1\">[1]<\/a><\/p>\n\n\n\n<p>Bu bildiride <strong>G\u0131da Egemenli\u011fi<\/strong>, her halk\u0131n gerek k\u00fclt\u00fcrel gerekse verimlilik a\u00e7\u0131s\u0131ndan \u00e7e\u015fitliliklerini koruyarak, kendi g\u0131dalar\u0131n\u0131 \u00fcretme potansiyellerinin devaml\u0131l\u0131\u011f\u0131n\u0131 ve geli\u015ftirilmesini sa\u011flama hakk\u0131 olarak tan\u0131mlanm\u0131\u015ft\u0131r.<\/p>\n\n\n\n<p>En geni\u015f ifadesi ile g\u0131da egemenli\u011fi, g\u0131dan\u0131n nas\u0131l \u00fcretilece\u011fi, kim taraf\u0131ndan \u00fcretilece\u011fi, kim i\u00e7in \u00fcretilece\u011fi, ne kadar \u00fcretilece\u011fi meselesidir. Tohumdan sofraya, tar\u0131msal \u00fcretimin ve g\u0131da sisteminin b\u00fct\u00fcn a\u015famalar\u0131 g\u0131da egemenli\u011fi kapsam\u0131ndad\u0131r.<\/p>\n\n\n\n<p>G\u0131da egemenli\u011fi;&nbsp; g\u0131da meselesini s\u0131n\u0131fsal bir mesele, toplumsal cinsiyet meselesi, g\u00f6\u00e7men meselesi, mevsimlik i\u015f\u00e7i meselesi ve do\u011fa meselesi olarak g\u00f6r\u00fcr.<\/p>\n\n\n\n<p>G\u0131da egemenli\u011fi; g\u0131da sisteminin yerelle\u015ftirilmesi, g\u0131dan\u0131n geleneksel y\u00f6ntemlerle \u00fcretilmesi, toplumun her kesiminin sa\u011fl\u0131kl\u0131, k\u00fclt\u00fcr\u00fcne uygun g\u0131daya eri\u015fim hakk\u0131, k\u00f6yl\u00fclerin meralar, ormanlar, dereler, tohumlar, tar\u0131msal arazilere eri\u015fiminin sa\u011fland\u0131\u011f\u0131 ve g\u00fcvence alt\u0131na al\u0131nd\u0131\u011f\u0131, bilge k\u00f6yl\u00fc tar\u0131m\u0131n\u0131n yap\u0131ld\u0131\u011f\u0131 ve bilginin aktar\u0131m\u0131n\u0131n ticarile\u015ftirilmeden ku\u015faklara aktar\u0131ld\u0131\u011f\u0131, ekolojik bir tar\u0131m modelinin in\u015fa edilmesi olarak b\u00fct\u00fcnl\u00fckl\u00fc bir sistemi ifade eder.<\/p>\n\n\n\n<p>G\u0131da egemenli\u011fi, son kullan\u0131c\u0131ya ula\u015fan g\u0131dan\u0131n niteli\u011fini ifade eden G\u0131da G\u00fcvenli\u011fi ile bir toplumun ihtiyac\u0131 olan g\u0131da miktar\u0131n\u0131 tan\u0131mlayan G\u0131da G\u00fcvencesi kavramlar\u0131n\u0131 da&nbsp; i\u00e7ine al\u0131r.<\/p>\n\n\n\n<hr class=\"wp-block-separator\"\/>\n\n\n\n<p><a href=\"#_ftnref1\">[1]<\/a><a href=\"http:\/\/apelasyon.com\/Yazi\/253-kuresellesen-tarimdan-ayrilan-kirsal-yol-gida-egemenligi\">http:\/\/apelasyon.com\/Yazi\/253-kuresellesen-tarimdan-ayrilan-kirsal-yol-gida-egemenligi<\/a><\/p>\n","protected":false},"excerpt":{"rendered":"<p>G\u0131da egemenli\u011fi kavram\u0131 ilk olarak bir k\u00fcresel k\u00f6yl\u00fc hareketi olarak Roma&#8217;da kurulmu\u015f La Via Campesina taraf\u0131ndan 11-17 Kas\u0131m 1996 toplant\u0131s\u0131<\/p>\n","protected":false},"author":1,"featured_media":1563,"comment_status":"open","ping_status":"open","sticky":false,"template":"","format":"standard","meta":[],"categories":[24],"tags":[],"gutentor_comment":0,"_links":{"self":[{"href":"https:\/\/yerdenizkooperatifi.org\/index.php\/wp-json\/wp\/v2\/posts\/503"}],"collection":[{"href":"https:\/\/yerdenizkooperatifi.org\/index.php\/wp-json\/wp\/v2\/posts"}],"about":[{"href":"https:\/\/yerdenizkooperatifi.org\/index.php\/wp-json\/wp\/v2\/types\/post"}],"author":[{"embeddable":true,"href":"https:\/\/yerdenizkooperatifi.org\/index.php\/wp-json\/wp\/v2\/users\/1"}],"replies":[{"embeddable":true,"href":"https:\/\/yerdenizkooperatifi.org\/index.php\/wp-json\/wp\/v2\/comments?post=503"}],"version-history":[{"count":4,"href":"https:\/\/yerdenizkooperatifi.org\/index.php\/wp-json\/wp\/v2\/posts\/503\/revisions"}],"predecessor-version":[{"id":1564,"href":"https:\/\/yerdenizkooperatifi.org\/index.php\/wp-json\/wp\/v2\/posts\/503\/revisions\/1564"}],"wp:featuredmedia":[{"embeddable":true,"href":"https:\/\/yerdenizkooperatifi.org\/index.php\/wp-json\/wp\/v2\/media\/1563"}],"wp:attachment":[{"href":"https:\/\/yerdenizkooperatifi.org\/index.php\/wp-json\/wp\/v2\/media?parent=503"}],"wp:term":[{"taxonomy":"category","embeddable":true,"href":"https:\/\/yerdenizkooperatifi.org\/index.php\/wp-json\/wp\/v2\/categories?post=503"},{"taxonomy":"post_tag","embeddable":true,"href":"https:\/\/yerdenizkooperatifi.org\/index.php\/wp-json\/wp\/v2\/tags?post=503"}],"curies":[{"name":"wp","href":"https:\/\/api.w.org\/{rel}","templated":true}]}}