{"id":513,"date":"2019-07-13T15:25:00","date_gmt":"2019-07-13T15:25:00","guid":{"rendered":"http:\/\/yerdenizkooperatifi.org\/?p=513"},"modified":"2021-04-12T13:42:43","modified_gmt":"2021-04-12T13:42:43","slug":"obje-atolyesi","status":"publish","type":"post","link":"https:\/\/yerdenizkooperatifi.org\/index.php\/2019\/07\/13\/obje-atolyesi\/","title":{"rendered":"Conc Design \u0130le Obje At\u00f6lyesi"},"content":{"rendered":"\n<p>Kooperatif dostlar\u0131m\u0131zdan Conc Design ile 13 Temmuz Cumartesi g\u00fcn\u00fc saat 14:00\u2019de bir araya gelerek, Obje At\u00f6lyemizi ger\u00e7ekle\u015ftirdik. Birbirinden farkl\u0131 saks\u0131lar, bardak altl\u0131klar\u0131, kalemlikler, k\u00fcll\u00fckler \u00fcretildi. 10-15 ki\u015filik gruplar halinde \u00fcretilen beton objelerin kurumas\u0131 beklenirken \u00e7aylar i\u00e7ildi. Objeleri kuruduktan sonra boyama a\u015famas\u0131na ge\u00e7ildi. Renklendirilen objelerin boyas\u0131n\u0131n kurumas\u0131yla at\u00f6lyemiz tamamland\u0131. Yo\u011fun ilgi g\u00f6ren at\u00f6lyemizi \u00fc\u00e7 oturumlu olacak \u015fekilde 6,5 saatte tamamlad\u0131k. Conc Design\u2019a, kat\u0131l\u0131m sa\u011flayarak at\u00f6lyemize ilgi g\u00f6sterenlere emek ve katk\u0131lar\u0131ndan dolay\u0131 te\u015fekk\u00fcr ediyoruz. <\/p>\n\n\n\n<p><strong>At\u00f6lyemizden Kareler<\/strong><\/p>\n\n\n\n<div class=\"wp-container-1 wp-block-group\"><div class=\"wp-block-group__inner-container\">\n<div id=\"section-g95f9ff\" class=\"wp-block-gutentor-e6 section-g95f9ff gutentor-element gutentor-element-image\"><div class=\"gutentor-element-image-box\"><div class=\"gutentor-image-thumb\"><img class=\"normal-image\" src=\"http:\/\/yerdenizkooperatifi.org\/wp-content\/uploads\/2021\/01\/10.jpg\"\/><\/div><\/div><\/div>\n<\/div><\/div>\n\n\n\n<div id=\"section-ge1397c\" class=\"wp-block-gutentor-e6 section-ge1397c gutentor-element gutentor-element-image\"><div class=\"gutentor-element-image-box\"><div class=\"gutentor-image-thumb\"><img class=\"normal-image\" src=\"http:\/\/yerdenizkooperatifi.org\/wp-content\/uploads\/2021\/01\/11.jpg\"\/><\/div><\/div><\/div>\n\n\n\n<div id=\"section-g3baffb\" class=\"wp-block-gutentor-e6 section-g3baffb gutentor-element gutentor-element-image\"><div class=\"gutentor-element-image-box\"><div class=\"gutentor-image-thumb\"><img class=\"normal-image\" src=\"http:\/\/yerdenizkooperatifi.org\/wp-content\/uploads\/2021\/01\/7.jpg\"\/><\/div><\/div><\/div>\n\n\n\n<div id=\"section-ga550dd\" class=\"wp-block-gutentor-e6 section-ga550dd gutentor-element gutentor-element-image\"><div class=\"gutentor-element-image-box\"><div class=\"gutentor-image-thumb\"><img class=\"normal-image\" src=\"http:\/\/yerdenizkooperatifi.org\/wp-content\/uploads\/2021\/01\/9.jpg\"\/><\/div><\/div><\/div>\n\n\n\n<div id=\"section-ge555f7\" class=\"wp-block-gutentor-e6 section-ge555f7 gutentor-element gutentor-element-image\"><div class=\"gutentor-element-image-box\"><div class=\"gutentor-image-thumb\"><img class=\"normal-image\" src=\"http:\/\/yerdenizkooperatifi.org\/wp-content\/uploads\/2021\/01\/6.jpg\"\/><\/div><\/div><\/div>\n\n\n\n<div id=\"section-g811705\" class=\"wp-block-gutentor-e6 section-g811705 gutentor-element gutentor-element-image\"><div class=\"gutentor-element-image-box\"><div class=\"gutentor-image-thumb\"><img class=\"normal-image\" src=\"http:\/\/yerdenizkooperatifi.org\/wp-content\/uploads\/2021\/01\/concdesign-scaled.jpg\"\/><\/div><\/div><\/div>\n","protected":false},"excerpt":{"rendered":"<p>Kooperatif dostlar\u0131m\u0131zdan Conc Design ile 13 Temmuz Cumartesi g\u00fcn\u00fc saat 14:00\u2019de bir araya gelerek, Obje At\u00f6lyemizi ger\u00e7ekle\u015ftirdik. Birbirinden farkl\u0131 saks\u0131lar,<\/p>\n","protected":false},"author":1,"featured_media":697,"comment_status":"open","ping_status":"open","sticky":false,"template":"","format":"standard","meta":[],"categories":[14],"tags":[51,50,37,54,36],"gutentor_comment":0,"_links":{"self":[{"href":"https:\/\/yerdenizkooperatifi.org\/index.php\/wp-json\/wp\/v2\/posts\/513"}],"collection":[{"href":"https:\/\/yerdenizkooperatifi.org\/index.php\/wp-json\/wp\/v2\/posts"}],"about":[{"href":"https:\/\/yerdenizkooperatifi.org\/index.php\/wp-json\/wp\/v2\/types\/post"}],"author":[{"embeddable":true,"href":"https:\/\/yerdenizkooperatifi.org\/index.php\/wp-json\/wp\/v2\/users\/1"}],"replies":[{"embeddable":true,"href":"https:\/\/yerdenizkooperatifi.org\/index.php\/wp-json\/wp\/v2\/comments?post=513"}],"version-history":[{"count":7,"href":"https:\/\/yerdenizkooperatifi.org\/index.php\/wp-json\/wp\/v2\/posts\/513\/revisions"}],"predecessor-version":[{"id":1583,"href":"https:\/\/yerdenizkooperatifi.org\/index.php\/wp-json\/wp\/v2\/posts\/513\/revisions\/1583"}],"wp:featuredmedia":[{"embeddable":true,"href":"https:\/\/yerdenizkooperatifi.org\/index.php\/wp-json\/wp\/v2\/media\/697"}],"wp:attachment":[{"href":"https:\/\/yerdenizkooperatifi.org\/index.php\/wp-json\/wp\/v2\/media?parent=513"}],"wp:term":[{"taxonomy":"category","embeddable":true,"href":"https:\/\/yerdenizkooperatifi.org\/index.php\/wp-json\/wp\/v2\/categories?post=513"},{"taxonomy":"post_tag","embeddable":true,"href":"https:\/\/yerdenizkooperatifi.org\/index.php\/wp-json\/wp\/v2\/tags?post=513"}],"curies":[{"name":"wp","href":"https:\/\/api.w.org\/{rel}","templated":true}]}}