{"id":515,"date":"2019-10-09T15:25:00","date_gmt":"2019-10-09T15:25:00","guid":{"rendered":"http:\/\/yerdenizkooperatifi.org\/?p=515"},"modified":"2021-04-12T13:40:48","modified_gmt":"2021-04-12T13:40:48","slug":"rasimpasa-afet-gonulluleri","status":"publish","type":"post","link":"https:\/\/yerdenizkooperatifi.org\/index.php\/2019\/10\/09\/rasimpasa-afet-gonulluleri\/","title":{"rendered":"Rasimpa\u015fa Afet G\u00f6n\u00fcll\u00fcleri Kuruldu"},"content":{"rendered":"\n<p class=\"has-text-align-left\">Rasimpa\u015fa Mahalle Muhtar\u0131 Sultan Aksu\u2019nun depreme haz\u0131rl\u0131k i\u00e7in Kad\u0131k\u00f6y Belediyesi yapt\u0131\u011f\u0131 ba\u015fvurular \u00fczerine mahallede harekete ge\u00e7ildi ve mahalle afet g\u00f6n\u00fcll\u00fcleri olu\u015fturmak i\u00e7in \u00e7a\u011fr\u0131lar yap\u0131ld\u0131.<\/p>\n\n\n\n<p>Rasimpa\u015fa G\u00f6n\u00fcll\u00fc evinde Kad\u0131k\u00f6y Belediyesi Afet Merkezinden bir e\u011fitmenin Mahalle Afet G\u00f6n\u00fcll\u00fcleri olmak i\u00e7in hangi s\u00fcre\u00e7ten ge\u00e7mek gerekti\u011fi e\u011fitim\/sunumu ile birlikte mahalle afet g\u00f6n\u00fcll\u00fclerinin olu\u015fturulmas\u0131 gerekti\u011fi konusunda mutabakata var\u0131l\u0131nca afet g\u00f6n\u00fcll\u00fcleri \u00e7al\u0131\u015fmas\u0131 ba\u015flad\u0131. Daha sonra d\u00fczenli haftal\u0131k toplant\u0131lar kooperatifimizde yap\u0131ld\u0131. Kad\u0131k\u00f6y Belediyesi Belediye Arama Kurtarma biriminden temel afet e\u011fitimleri ve uygulamal\u0131 deprem e\u011fitimi al\u0131nd\u0131. \u0130stanbul \u0130tfaiyesi Acil Yard\u0131m ve Cankurta M\u00fcd\u00fcrl\u00fc\u011f\u00fcnde temel ilk yard\u0131m e\u011fitimleri al\u0131nd\u0131.&nbsp; Mahalle Acil Durum Haritas\u0131 \u00e7\u0131karma \u00e7al\u0131\u015fmalar\u0131 ba\u015flad\u0131.<\/p>\n\n\n\n<section id=\"section-2ff72ee9-665c-464b-aacb-34b46a1cc2c9\" class=\"wp-block-gutentor-image-box gutentor-section gutentor-image-wrapper imagebox-template1\"><div class=\"grid-container\"><div class=\"gutentor-block-header\"><div class=\"gutentor-section-title enable-title-design seperator-bottom text-center\"><h2 class=\"gutentor-title\">Afet G\u00f6n\u00fcll\u00fcleri \u0130\u00e7in Yap\u0131lan \u00c7a\u011fr\u0131lar<\/h2><\/div><\/div><div class=\"grid-row gutentor-grid-item-wrap\"><div class=\"gutentor-grid-column grid-lg-4 grid-md-4 grid-12\"><div class=\"gutentor-single-item gutentor-image gutentor-single-item-0\"><div class=\"gutentor-single-item-wrap\"><div class=\"gutentor-single-item-image-box\"><div class=\"gutentor-image-thumb\"><img class=\"normal-image\" src=\"http:\/\/yerdenizkooperatifi.org\/wp-content\/uploads\/2021\/01\/deprem_egitim1.jpg\" alt=\"\"\/><\/div><\/div><div class=\"gutentor-single-item-content\"><h3 class=\"gutentor-single-item-title\"><\/h3><p class=\"gutentor-single-item-desc\"><\/p><\/div><\/div><\/div><\/div><div class=\"gutentor-grid-column grid-lg-4 grid-md-4 grid-12\"><div class=\"gutentor-single-item gutentor-image gutentor-single-item-1\"><div class=\"gutentor-single-item-wrap\"><div class=\"gutentor-single-item-image-box\"><div class=\"gutentor-image-thumb\"><img class=\"normal-image\" src=\"http:\/\/yerdenizkooperatifi.org\/wp-content\/uploads\/2021\/01\/deprem_egitimleri.jpg\" alt=\"\"\/><\/div><\/div><div class=\"gutentor-single-item-content\"><h3 class=\"gutentor-single-item-title\"><\/h3><p class=\"gutentor-single-item-desc\"><\/p><\/div><\/div><\/div><\/div><div class=\"gutentor-grid-column grid-lg-4 grid-md-4 grid-12\"><div class=\"gutentor-single-item gutentor-image gutentor-single-item-2\"><div class=\"gutentor-single-item-wrap\"><div class=\"gutentor-single-item-image-box\"><div class=\"gutentor-image-thumb\"><img class=\"normal-image\" src=\"http:\/\/yerdenizkooperatifi.org\/wp-content\/uploads\/2021\/01\/deprem-egitim2.jpg\" alt=\"\"\/><\/div><\/div><div class=\"gutentor-single-item-content\"><h3 class=\"gutentor-single-item-title\"><\/h3><p class=\"gutentor-single-item-desc\"><\/p><\/div><\/div><\/div><\/div><\/div><\/div><\/section>\n\n\n\n<p><\/p>\n","protected":false},"excerpt":{"rendered":"<p>Rasimpa\u015fa Mahalle Muhtar\u0131 Sultan Aksu\u2019nun depreme haz\u0131rl\u0131k i\u00e7in Kad\u0131k\u00f6y Belediyesi yapt\u0131\u011f\u0131 ba\u015fvurular \u00fczerine mahallede harekete ge\u00e7ildi ve mahalle afet g\u00f6n\u00fcll\u00fcleri<\/p>\n","protected":false},"author":1,"featured_media":1458,"comment_status":"open","ping_status":"open","sticky":false,"template":"","format":"standard","meta":[],"categories":[19],"tags":[37,55,56],"gutentor_comment":0,"_links":{"self":[{"href":"https:\/\/yerdenizkooperatifi.org\/index.php\/wp-json\/wp\/v2\/posts\/515"}],"collection":[{"href":"https:\/\/yerdenizkooperatifi.org\/index.php\/wp-json\/wp\/v2\/posts"}],"about":[{"href":"https:\/\/yerdenizkooperatifi.org\/index.php\/wp-json\/wp\/v2\/types\/post"}],"author":[{"embeddable":true,"href":"https:\/\/yerdenizkooperatifi.org\/index.php\/wp-json\/wp\/v2\/users\/1"}],"replies":[{"embeddable":true,"href":"https:\/\/yerdenizkooperatifi.org\/index.php\/wp-json\/wp\/v2\/comments?post=515"}],"version-history":[{"count":6,"href":"https:\/\/yerdenizkooperatifi.org\/index.php\/wp-json\/wp\/v2\/posts\/515\/revisions"}],"predecessor-version":[{"id":1581,"href":"https:\/\/yerdenizkooperatifi.org\/index.php\/wp-json\/wp\/v2\/posts\/515\/revisions\/1581"}],"wp:featuredmedia":[{"embeddable":true,"href":"https:\/\/yerdenizkooperatifi.org\/index.php\/wp-json\/wp\/v2\/media\/1458"}],"wp:attachment":[{"href":"https:\/\/yerdenizkooperatifi.org\/index.php\/wp-json\/wp\/v2\/media?parent=515"}],"wp:term":[{"taxonomy":"category","embeddable":true,"href":"https:\/\/yerdenizkooperatifi.org\/index.php\/wp-json\/wp\/v2\/categories?post=515"},{"taxonomy":"post_tag","embeddable":true,"href":"https:\/\/yerdenizkooperatifi.org\/index.php\/wp-json\/wp\/v2\/tags?post=515"}],"curies":[{"name":"wp","href":"https:\/\/api.w.org\/{rel}","templated":true}]}}