{"id":527,"date":"2021-01-02T15:23:56","date_gmt":"2021-01-02T15:23:56","guid":{"rendered":"http:\/\/yerdenizkooperatifi.org\/?p=527"},"modified":"2021-02-07T17:28:12","modified_gmt":"2021-02-07T17:28:12","slug":"eldivan-kadin-girisimi-uretim-ve-isletme-kooperatifi","status":"publish","type":"post","link":"https:\/\/yerdenizkooperatifi.org\/index.php\/2021\/01\/02\/eldivan-kadin-girisimi-uretim-ve-isletme-kooperatifi\/","title":{"rendered":"Eldivan Kad\u0131n Giri\u015fimi \u00dcretim ve \u0130\u015fletme Kooperatifi"},"content":{"rendered":"\n<p><strong>(\u00c7ank\u0131r\u0131 Kayatuzu)<\/strong><\/p>\n\n\n\n<p>\u00c7ank\u0131r\u0131 kayatuzu do\u011fal bir \u00fcr\u00fcnd\u00fcr. 4000 y\u0131ld\u0131r Hititler d\u00f6neminden beri i\u015fletilen ma\u011faradan \u00e7\u0131kar\u0131lmaktad\u0131r. Eldivan Kad\u0131n Kooperatifi g\u00fcvenilir olduklar\u0131 bilinen ailelerin tuz \u00f6\u011f\u00fctme tesislerinden bu tuzu ince ve kal\u0131n olmak \u00fczere iki boyda almakta ve paketlemektedir.&nbsp; Tuz do\u011fal oldu\u011fu i\u00e7in Al\u00fcminyum silikat (topaklanma \u00f6nleyici) ve iyot gibi herhangi bir katk\u0131 maddesi i\u00e7ermemektedir.<\/p>\n\n\n\n<p>\u00c7ank\u0131r\u0131 kaya tuzu toplam 84 mineral i\u00e7erir, kristal \u00f6zelli\u011fe sahip do\u011fal bir tuzdur. Himalaya tuzu 85 mineral i\u00e7ermektedir. Aradaki tek fark Demir oksittir. Himalaya tuzuna pembe rengi veren de bu maddedir. Bu muhte\u015fem \u00f6zelli\u011fi ile \u00c7ank\u0131r\u0131 kayatuzu insan v\u00fccudunda bulunan ve ihtiya\u00e7 duyulan 92 mineral ihtiyac\u0131n\u0131n b\u00fcy\u00fck bir b\u00f6l\u00fcm\u00fcn\u00fcn kar\u015f\u0131lanmas\u0131n\u0131 sa\u011flamaktad\u0131r.<\/p>\n\n\n\n<p>Tuz g\u0131dalar\u0131 tatland\u0131rmak ve saklamak i\u00e7in kullan\u0131lmaktad\u0131r. \u0130\u00e7erdi\u011fi elementlerin da\u011f\u0131l\u0131m\u0131na ba\u011fl\u0131 olarak farkl\u0131 renklere sahip olabilmektedir.&nbsp;<\/p>\n\n\n\n<p>Tuz nem ve sudan uzak tutuldu\u011fu s\u00fcrece bozulmaz. Ancak ince tuz topaklanma \u00f6nleyici madde i\u00e7ermedi\u011fi i\u00e7in hava ile temasta nem al\u0131r. Sertle\u015fmemesi i\u00e7in birka\u00e7 g\u00fcn serilmesi ve kar\u0131\u015ft\u0131r\u0131lmas\u0131 gerekmektedir. \u0130ri \u00e7ekilmi\u015f olan boyut i\u00e7inse \u00f6\u011f\u00fct\u00fcc\u00fc de\u011firmen tuzluklar kullan\u0131labilir.&nbsp;<\/p>\n","protected":false},"excerpt":{"rendered":"<p>(\u00c7ank\u0131r\u0131 Kayatuzu) \u00c7ank\u0131r\u0131 kayatuzu do\u011fal bir \u00fcr\u00fcnd\u00fcr. 4000 y\u0131ld\u0131r Hititler d\u00f6neminden beri i\u015fletilen ma\u011faradan \u00e7\u0131kar\u0131lmaktad\u0131r. Eldivan Kad\u0131n Kooperatifi g\u00fcvenilir olduklar\u0131<\/p>\n","protected":false},"author":1,"featured_media":658,"comment_status":"open","ping_status":"open","sticky":false,"template":"","format":"standard","meta":[],"categories":[32,25,29],"tags":[],"gutentor_comment":0,"_links":{"self":[{"href":"https:\/\/yerdenizkooperatifi.org\/index.php\/wp-json\/wp\/v2\/posts\/527"}],"collection":[{"href":"https:\/\/yerdenizkooperatifi.org\/index.php\/wp-json\/wp\/v2\/posts"}],"about":[{"href":"https:\/\/yerdenizkooperatifi.org\/index.php\/wp-json\/wp\/v2\/types\/post"}],"author":[{"embeddable":true,"href":"https:\/\/yerdenizkooperatifi.org\/index.php\/wp-json\/wp\/v2\/users\/1"}],"replies":[{"embeddable":true,"href":"https:\/\/yerdenizkooperatifi.org\/index.php\/wp-json\/wp\/v2\/comments?post=527"}],"version-history":[{"count":2,"href":"https:\/\/yerdenizkooperatifi.org\/index.php\/wp-json\/wp\/v2\/posts\/527\/revisions"}],"predecessor-version":[{"id":619,"href":"https:\/\/yerdenizkooperatifi.org\/index.php\/wp-json\/wp\/v2\/posts\/527\/revisions\/619"}],"wp:featuredmedia":[{"embeddable":true,"href":"https:\/\/yerdenizkooperatifi.org\/index.php\/wp-json\/wp\/v2\/media\/658"}],"wp:attachment":[{"href":"https:\/\/yerdenizkooperatifi.org\/index.php\/wp-json\/wp\/v2\/media?parent=527"}],"wp:term":[{"taxonomy":"category","embeddable":true,"href":"https:\/\/yerdenizkooperatifi.org\/index.php\/wp-json\/wp\/v2\/categories?post=527"},{"taxonomy":"post_tag","embeddable":true,"href":"https:\/\/yerdenizkooperatifi.org\/index.php\/wp-json\/wp\/v2\/tags?post=527"}],"curies":[{"name":"wp","href":"https:\/\/api.w.org\/{rel}","templated":true}]}}