{"id":535,"date":"2021-01-02T15:23:47","date_gmt":"2021-01-02T15:23:47","guid":{"rendered":"http:\/\/yerdenizkooperatifi.org\/?p=535"},"modified":"2021-01-08T19:51:40","modified_gmt":"2021-01-08T19:51:40","slug":"gulec-koy","status":"publish","type":"post","link":"https:\/\/yerdenizkooperatifi.org\/index.php\/2021\/01\/02\/gulec-koy\/","title":{"rendered":"G\u00fcle\u00e7 K\u00f6y"},"content":{"rendered":"\n<p><strong>(Domates sal\u00e7as\u0131, ac\u0131-tatl\u0131 biber sal\u00e7as\u0131)<\/strong><\/p>\n\n\n\n<p>G\u00fcle\u00e7k\u00f6y Diyarbak\u0131r Kayap\u0131nar \u0130l\u00e7esi \u00c7\u0131nar K\u00f6y\u00fcnde kad\u0131nlar ve mevsimlik tar\u0131m i\u015f\u00e7isi ailelerin birlikte \u00fcretim ve planlama yapt\u0131klar\u0131 bir \u00fcretim tesisi. \u00c7evre illerden ve k\u00f6ylerden \u00fcr\u00fcn al\u0131m garantisi vererek hammadde temini yap\u0131p i\u015fleme yap\u0131l\u0131yor.&nbsp;<\/p>\n\n\n\n<p>B\u00f6lgede tar\u0131m ve hayvanc\u0131l\u0131k yap\u0131lmas\u0131 kamu eliyle zorla\u015ft\u0131r\u0131l\u0131nca aileler ya\u015famak i\u00e7in mevsimlik i\u015f\u00e7ili\u011fe gitmek zorunda kal\u0131yor. G\u00fcle\u00e7 K\u00f6y\u2019\u00fcn kurucusu \u00d6zlem K\u00fclahc\u0131 ekilen domates, biber i\u00e7in al\u0131m garantisi ve i\u015flemede de istihdam yaratma \u00e7abalar\u0131yla ailelerin kendi topra\u011f\u0131nda \u00fcretim yapmas\u0131n\u0131 m\u00fcmk\u00fcn k\u0131lm\u0131\u015f.<\/p>\n\n\n\n<p>Sal\u00e7alar, Manisa&#8217;ya mevsimlik i\u015f\u00e7i olarak giden bir ailenin kendi k\u00f6y\u00fcnde kalarak do\u011fal ve geleneksel y\u00f6ntemlerle \u00fcretti\u011fi domates ve biberlerle g\u00fcne\u015fte kurutma y\u00f6ntemiyle \u00fcretilmekte. Yerelde \u00fcretim bu \u015fekilde m\u00fcmk\u00fcn olunca iki mevsimlik i\u015f\u00e7i aile daha bu s\u00fcrece kat\u0131lm\u0131\u015f.&nbsp;<\/p>\n\n\n\n<p>Sadece kad\u0131nlardan olu\u015fan i\u015fletmede sosyal g\u00fcvencenin de sa\u011flanm\u0131\u015f olmas\u0131, yerelde kendileri i\u00e7in alternatif \u00fcretimin birlikte \u00f6r\u00fclmesi i\u00e7in \u00f6nemli bir \u00f6rnek te\u015fkil etmekte.&nbsp;&nbsp;&nbsp;<\/p>\n","protected":false},"excerpt":{"rendered":"<p>(Domates sal\u00e7as\u0131, ac\u0131-tatl\u0131 biber sal\u00e7as\u0131) G\u00fcle\u00e7k\u00f6y Diyarbak\u0131r Kayap\u0131nar \u0130l\u00e7esi \u00c7\u0131nar K\u00f6y\u00fcnde kad\u0131nlar ve mevsimlik tar\u0131m i\u015f\u00e7isi ailelerin birlikte \u00fcretim ve<\/p>\n","protected":false},"author":1,"featured_media":660,"comment_status":"open","ping_status":"open","sticky":false,"template":"","format":"standard","meta":[],"categories":[25],"tags":[],"gutentor_comment":0,"_links":{"self":[{"href":"https:\/\/yerdenizkooperatifi.org\/index.php\/wp-json\/wp\/v2\/posts\/535"}],"collection":[{"href":"https:\/\/yerdenizkooperatifi.org\/index.php\/wp-json\/wp\/v2\/posts"}],"about":[{"href":"https:\/\/yerdenizkooperatifi.org\/index.php\/wp-json\/wp\/v2\/types\/post"}],"author":[{"embeddable":true,"href":"https:\/\/yerdenizkooperatifi.org\/index.php\/wp-json\/wp\/v2\/users\/1"}],"replies":[{"embeddable":true,"href":"https:\/\/yerdenizkooperatifi.org\/index.php\/wp-json\/wp\/v2\/comments?post=535"}],"version-history":[{"count":2,"href":"https:\/\/yerdenizkooperatifi.org\/index.php\/wp-json\/wp\/v2\/posts\/535\/revisions"}],"predecessor-version":[{"id":617,"href":"https:\/\/yerdenizkooperatifi.org\/index.php\/wp-json\/wp\/v2\/posts\/535\/revisions\/617"}],"wp:featuredmedia":[{"embeddable":true,"href":"https:\/\/yerdenizkooperatifi.org\/index.php\/wp-json\/wp\/v2\/media\/660"}],"wp:attachment":[{"href":"https:\/\/yerdenizkooperatifi.org\/index.php\/wp-json\/wp\/v2\/media?parent=535"}],"wp:term":[{"taxonomy":"category","embeddable":true,"href":"https:\/\/yerdenizkooperatifi.org\/index.php\/wp-json\/wp\/v2\/categories?post=535"},{"taxonomy":"post_tag","embeddable":true,"href":"https:\/\/yerdenizkooperatifi.org\/index.php\/wp-json\/wp\/v2\/tags?post=535"}],"curies":[{"name":"wp","href":"https:\/\/api.w.org\/{rel}","templated":true}]}}