{"id":539,"date":"2021-01-02T15:20:44","date_gmt":"2021-01-02T15:20:44","guid":{"rendered":"http:\/\/yerdenizkooperatifi.org\/?p=539"},"modified":"2021-03-26T09:55:34","modified_gmt":"2021-03-26T09:55:34","slug":"s-s-hopa-tarimsal-kalkinma-kooperatifi","status":"publish","type":"post","link":"https:\/\/yerdenizkooperatifi.org\/index.php\/2021\/01\/02\/s-s-hopa-tarimsal-kalkinma-kooperatifi\/","title":{"rendered":"S.S. Hopa Tar\u0131msal Kalk\u0131nma Kooperatifi"},"content":{"rendered":"\n<p>(\u00c7ay)<\/p>\n\n\n\n<p>Hopa ve Kemalpa\u015fa halk\u0131 olarak ya\u015f \u00e7ay \u00fcretmek ve \u00e7aydaki emek s\u00f6m\u00fcr\u00fcs\u00fcne son vermek i\u00e7in 1959 y\u0131l\u0131nda kooperatif kuruldu. G\u00fcnl\u00fck 40 ton ya\u015f \u00e7ay i\u015fleyebilme kapasitesine sahip fabrikada ortak \u00fcretime devam ediyorlar. \u00dcretimi a\u011f\u0131rl\u0131kl\u0131 olarak imece usul\u00fc ile ger\u00e7ekle\u015ftiriyorlar. Sat\u0131\u015f ve da\u011f\u0131t\u0131m\u0131 g\u00f6n\u00fcll\u00fc ekiplerle sa\u011fl\u0131yorlar.<\/p>\n\n\n\n<p>Hopa Tar\u0131msal Kalk\u0131nma Kooperatifi, b\u00fcy\u00fck b\u00f6l\u00fcm\u00fc \u00f6zelle\u015ftirilmi\u015f olan \u00e7ay sekt\u00f6r\u00fcn\u00fcn tamam\u0131n\u0131n \u00f6zel sekt\u00f6r eline b\u0131rak\u0131lmaya \u00e7al\u0131\u015f\u0131ld\u0131\u011f\u0131 \u015fu d\u00f6nemde \u00fcreticileri alternatifsiz b\u0131rakmamak i\u00e7in maliyet hesab\u0131 \u00fczerinden olu\u015fturdu\u011fu ger\u00e7ek taban fiyatla ya\u015f \u00e7ay al\u0131m\u0131 yap\u0131yor.<\/p>\n\n\n\n<p>\u00dcreticiden t\u00fcketiciye ucuz kaliteli ve sa\u011fl\u0131kl\u0131 \u00e7ay temini i\u00e7in fabrikada 40-50 ki\u015fiye istihdam sa\u011fl\u0131yor.&nbsp;<\/p>\n\n\n\n<p>\u00c7ay \u00fcretiminde do\u011fal g\u00fcbre kullan\u0131l\u0131yor. Y\u0131lda \u00fc\u00e7 s\u00fcr\u00fcm verdi\u011fi i\u00e7in her s\u00fcr\u00fcm \u00f6ncesi yabani ot ayr\u0131\u015ft\u0131rmas\u0131 yap\u0131l\u0131yor. K\u0131\u015f\u0131n kar ya\u011fd\u0131\u011f\u0131 i\u00e7in toprak temizlenmektedir.<\/p>\n","protected":false},"excerpt":{"rendered":"<p>(\u00c7ay) Hopa ve Kemalpa\u015fa halk\u0131 olarak ya\u015f \u00e7ay \u00fcretmek ve \u00e7aydaki emek s\u00f6m\u00fcr\u00fcs\u00fcne son vermek i\u00e7in 1959 y\u0131l\u0131nda kooperatif kuruldu.<\/p>\n","protected":false},"author":1,"featured_media":673,"comment_status":"open","ping_status":"open","sticky":false,"template":"","format":"standard","meta":[],"categories":[32,25,29],"tags":[],"gutentor_comment":0,"_links":{"self":[{"href":"https:\/\/yerdenizkooperatifi.org\/index.php\/wp-json\/wp\/v2\/posts\/539"}],"collection":[{"href":"https:\/\/yerdenizkooperatifi.org\/index.php\/wp-json\/wp\/v2\/posts"}],"about":[{"href":"https:\/\/yerdenizkooperatifi.org\/index.php\/wp-json\/wp\/v2\/types\/post"}],"author":[{"embeddable":true,"href":"https:\/\/yerdenizkooperatifi.org\/index.php\/wp-json\/wp\/v2\/users\/1"}],"replies":[{"embeddable":true,"href":"https:\/\/yerdenizkooperatifi.org\/index.php\/wp-json\/wp\/v2\/comments?post=539"}],"version-history":[{"count":3,"href":"https:\/\/yerdenizkooperatifi.org\/index.php\/wp-json\/wp\/v2\/posts\/539\/revisions"}],"predecessor-version":[{"id":602,"href":"https:\/\/yerdenizkooperatifi.org\/index.php\/wp-json\/wp\/v2\/posts\/539\/revisions\/602"}],"wp:featuredmedia":[{"embeddable":true,"href":"https:\/\/yerdenizkooperatifi.org\/index.php\/wp-json\/wp\/v2\/media\/673"}],"wp:attachment":[{"href":"https:\/\/yerdenizkooperatifi.org\/index.php\/wp-json\/wp\/v2\/media?parent=539"}],"wp:term":[{"taxonomy":"category","embeddable":true,"href":"https:\/\/yerdenizkooperatifi.org\/index.php\/wp-json\/wp\/v2\/categories?post=539"},{"taxonomy":"post_tag","embeddable":true,"href":"https:\/\/yerdenizkooperatifi.org\/index.php\/wp-json\/wp\/v2\/tags?post=539"}],"curies":[{"name":"wp","href":"https:\/\/api.w.org\/{rel}","templated":true}]}}