{"id":541,"date":"2021-01-02T15:23:36","date_gmt":"2021-01-02T15:23:36","guid":{"rendered":"http:\/\/yerdenizkooperatifi.org\/?p=541"},"modified":"2021-01-08T19:53:15","modified_gmt":"2021-01-08T19:53:15","slug":"koculu-peynircilik-bogatepe-koyu-dernegi","status":"publish","type":"post","link":"https:\/\/yerdenizkooperatifi.org\/index.php\/2021\/01\/02\/koculu-peynircilik-bogatepe-koyu-dernegi\/","title":{"rendered":"Ko\u00e7ulu Peynircilik, Bo\u011fatepe K\u00f6y\u00fc Derne\u011fi"},"content":{"rendered":"\n<p>1800 \u2013 2600 m rak\u0131m\u0131ndaki Kars Ardahan b\u00f6lgesi biyo\u00e7e\u015fitlilik bak\u0131m\u0131ndan zengin Sibirya, Kafkasya, Anadolu ve \u0130ran biyomlar\u0131n\u0131n birle\u015fti\u011fi co\u011frafyada bulunur.<\/p>\n\n\n\n<p>Eski Kars ka\u015far\u0131&nbsp; Nisan, May\u0131s, Haziran, Temmuz aylar\u0131nda 1500\u2019den fazla \u00e7i\u00e7ekli bitkinin ya\u015fam buldu\u011fu Kars Ardahan yaylalar\u0131nda beslenen yerel hayvan \u0131rklar\u0131n\u0131n s\u00fctlerinden \u00fcretilir.<\/p>\n\n\n\n<p>6 ayl\u0131k olgunla\u015ft\u0131rma s\u00fcrecinden sonra sat\u0131\u015fa sunulan Kars eski ka\u015far peynirinin \u00fcretim a\u015famalar\u0131nda sadece s\u00fct, tuz ve \u015firden maya kullan\u0131l\u0131r.<\/p>\n\n\n\n<p>Kars eski ka\u015far\u0131 kendine has yumu\u015fak aromas\u0131, a\u00e7\u0131k m\u0131s\u0131r sar\u0131s\u0131 rengi ve ya\u011fl\u0131 ho\u015f tad\u0131yla Anadolu\u2019daki di\u011fer ka\u015farlardan ayr\u0131l\u0131r.<\/p>\n\n\n\n<p><strong>Ko\u00e7ulu Peynircilik \u2013 Malakan Peyniri<\/strong><\/p>\n\n\n\n<p>1877 sonras\u0131 Rus \u00c7ar\u0131 (II. Aleksandr) taraf\u0131ndan Kars\u2019a yerle\u015ftirilen Malakan Halk\u0131\u2019ndan miras kalan iki peynirden biridir. Ekim ay\u0131 ile Mart ay\u0131 aras\u0131ndaki d\u00f6nemde inek s\u00fct\u00fcnden yap\u0131l\u0131r. D\u00f6neme ait s\u00fct\u00fcn \u00f6zelliklerine uygun proses bi\u00e7imiyle \u00fcretilmektedir. Genelde \u00e7ocuklar\u0131n sevdi\u011fi bu peynir ayva ve portakal re\u00e7elleriyle ve Kars \u00e7i\u00e7ek bal\u0131 ile lezzet uyumuna sahiptir. Ayr\u0131ca beyaz \u015faraba da meze olarak sunulur.<\/p>\n\n\n\n<p><strong>Ko\u00e7ulu Peynircilik \u2013 Kars Gravyer Peyniri<\/strong><\/p>\n\n\n\n<p>Ard\u0131nda uzun bir tarihsel ve k\u00fclt\u00fcrel etkile\u015fim hikayesi ta\u015f\u0131yan bu peynir, b\u00f6lgenin ismiyle an\u0131larak, Kars Gravyeri ad\u0131yla tan\u0131n\u0131r.<\/p>\n\n\n\n<p>Sar\u0131 renkte, kabuklu, yar\u0131 sert ve i\u00e7i parlak delikleri olan, kendine has bir aromaya sahip bu peynir; Anadolu\u2019nun \u00f6zel peynirlerinden biridir. G\u00fc\u00e7l\u00fc aromatik tad\u0131 ile&nbsp; da\u011f peynirleri olarak tan\u0131mlanan grupta yer al\u0131r.<\/p>\n\n\n\n<p>May\u0131s, Haziran, Temmuz aylar\u0131nda 1800 m rak\u0131m\u0131n \u00fczerindeki yaylalarda, mera bitkileri ile beslenen Zavot ve Montofon inek \u0131rklar\u0131n\u0131n taze s\u00fct\u00fcnden yap\u0131l\u0131r. \u00dcretimde sadece; s\u00fct, \u015firden maya ve tuz kullan\u0131l\u0131r.<\/p>\n","protected":false},"excerpt":{"rendered":"<p>1800 \u2013 2600 m rak\u0131m\u0131ndaki Kars Ardahan b\u00f6lgesi biyo\u00e7e\u015fitlilik bak\u0131m\u0131ndan zengin Sibirya, Kafkasya, Anadolu ve \u0130ran biyomlar\u0131n\u0131n birle\u015fti\u011fi co\u011frafyada bulunur.<\/p>\n","protected":false},"author":1,"featured_media":661,"comment_status":"open","ping_status":"open","sticky":false,"template":"","format":"standard","meta":[],"categories":[25],"tags":[],"gutentor_comment":0,"_links":{"self":[{"href":"https:\/\/yerdenizkooperatifi.org\/index.php\/wp-json\/wp\/v2\/posts\/541"}],"collection":[{"href":"https:\/\/yerdenizkooperatifi.org\/index.php\/wp-json\/wp\/v2\/posts"}],"about":[{"href":"https:\/\/yerdenizkooperatifi.org\/index.php\/wp-json\/wp\/v2\/types\/post"}],"author":[{"embeddable":true,"href":"https:\/\/yerdenizkooperatifi.org\/index.php\/wp-json\/wp\/v2\/users\/1"}],"replies":[{"embeddable":true,"href":"https:\/\/yerdenizkooperatifi.org\/index.php\/wp-json\/wp\/v2\/comments?post=541"}],"version-history":[{"count":2,"href":"https:\/\/yerdenizkooperatifi.org\/index.php\/wp-json\/wp\/v2\/posts\/541\/revisions"}],"predecessor-version":[{"id":615,"href":"https:\/\/yerdenizkooperatifi.org\/index.php\/wp-json\/wp\/v2\/posts\/541\/revisions\/615"}],"wp:featuredmedia":[{"embeddable":true,"href":"https:\/\/yerdenizkooperatifi.org\/index.php\/wp-json\/wp\/v2\/media\/661"}],"wp:attachment":[{"href":"https:\/\/yerdenizkooperatifi.org\/index.php\/wp-json\/wp\/v2\/media?parent=541"}],"wp:term":[{"taxonomy":"category","embeddable":true,"href":"https:\/\/yerdenizkooperatifi.org\/index.php\/wp-json\/wp\/v2\/categories?post=541"},{"taxonomy":"post_tag","embeddable":true,"href":"https:\/\/yerdenizkooperatifi.org\/index.php\/wp-json\/wp\/v2\/tags?post=541"}],"curies":[{"name":"wp","href":"https:\/\/api.w.org\/{rel}","templated":true}]}}