{"id":545,"date":"2021-01-02T15:20:52","date_gmt":"2021-01-02T15:20:52","guid":{"rendered":"http:\/\/yerdenizkooperatifi.org\/?p=545"},"modified":"2021-03-26T09:58:25","modified_gmt":"2021-03-26T09:58:25","slug":"s-s-kulaca-koyu-tarimsal-kalkinma-kooperatifi","status":"publish","type":"post","link":"https:\/\/yerdenizkooperatifi.org\/index.php\/2021\/01\/02\/s-s-kulaca-koyu-tarimsal-kalkinma-kooperatifi\/","title":{"rendered":"S.S. Kulaca K\u00f6y\u00fc Tar\u0131msal Kalk\u0131nma Kooperatifi"},"content":{"rendered":"\n<p><strong>(Domates, biber, ac\u0131 biber sal\u00e7as\u0131, kahvalt\u0131l\u0131k ac\u0131 sos)<\/strong><\/p>\n\n\n\n<p>1974 y\u0131l\u0131nda Bursa\u2019n\u0131n \u0130neg\u00f6l \u0130l\u00e7esi\u2019nin Kulaca K\u00f6y\u00fc\u2019nde Tar\u0131msal Kalk\u0131nma Kooperatifi olarak kurulmu\u015f. Bursa`n\u0131n \u0130neg\u00f6l, Yeni\u015fehir, Mustafakemalpa\u015fa ve Karacabey ile Konya`n\u0131n Ak\u015fehir il\u00e7elerinde \u00fcretilen domates ve ac\u0131 biberi sal\u00e7aya d\u00f6n\u00fc\u015ft\u00fcr\u00fcyor.<\/p>\n\n\n\n<p>B\u00f6lgedeki \u00e7ift\u00e7ilere daha fazla nas\u0131l faydal\u0131 olabiliriz diye yola \u00e7\u0131kan kooperatif 15 y\u0131l \u00f6nce Hollanda`ya ac\u0131 biber sal\u00e7as\u0131 ihracat\u0131na ba\u015fl\u0131yor ve her y\u0131l g\u00f6nderi miktar\u0131n\u0131 art\u0131rarak devam ediyor. Ba\u015fta b\u00f6lgenin kad\u0131nlar\u0131 olmak \u00fczere yakla\u015f\u0131k 100 ki\u015fiye istihdam sa\u011fl\u0131yor.&nbsp;<\/p>\n\n\n\n<p>Kooperatife ortak \u00e7ift\u00e7ilere e\u011fitim ald\u0131r\u0131larak \u2018S\u00fcrd\u00fcr\u00fclebilir \u00c7ift\u00e7i Sertifikas\u0131\u2019 ile \u00fcr\u00fcn yeti\u015ftirilmesi sa\u011flanm\u0131\u015f. Fidelerini kendileri yeti\u015ftiriyor ve hayvan g\u00fcbresi kullan\u0131yorlar.<\/p>\n\n\n\n<p>Sal\u00e7alar, sa\u011fl\u0131k a\u00e7\u0131s\u0131ndan en uygun y\u00f6ntemle \u0131s\u0131l i\u015flem g\u00f6rmeden \u00fcretiliyor. Sebzeler h\u0131zl\u0131ca y\u0131kan\u0131p kapal\u0131 kazanlara aktar\u0131l\u0131yor. D\u00fc\u015f\u00fck \u0131s\u0131da uzun s\u00fcre \u0131s\u0131t\u0131larak pi\u015firme sa\u011flan\u0131yor. Buhar h\u0131zl\u0131ca tahliye edilerek tuz eklenip ve kavanozlara aktar\u0131l\u0131yor.<\/p>\n\n\n\n<p>Kulaca K\u00f6y\u00fc Tar\u0131msal Kalk\u0131nma Kooperatifi, b\u00f6lgelerinde daha \u00e7ok istihdam sa\u011flamak, gen\u00e7leri yerelde tutabilmek ve ekonomik getiri sa\u011flamak amac\u0131yla \u00e7al\u0131\u015fmalar\u0131na devam ediyor.<\/p>\n","protected":false},"excerpt":{"rendered":"<p>(Domates, biber, ac\u0131 biber sal\u00e7as\u0131, kahvalt\u0131l\u0131k ac\u0131 sos) 1974 y\u0131l\u0131nda Bursa\u2019n\u0131n \u0130neg\u00f6l \u0130l\u00e7esi\u2019nin Kulaca K\u00f6y\u00fc\u2019nde Tar\u0131msal Kalk\u0131nma Kooperatifi olarak kurulmu\u015f.<\/p>\n","protected":false},"author":1,"featured_media":672,"comment_status":"open","ping_status":"open","sticky":false,"template":"","format":"standard","meta":[],"categories":[32,25,29],"tags":[],"gutentor_comment":0,"_links":{"self":[{"href":"https:\/\/yerdenizkooperatifi.org\/index.php\/wp-json\/wp\/v2\/posts\/545"}],"collection":[{"href":"https:\/\/yerdenizkooperatifi.org\/index.php\/wp-json\/wp\/v2\/posts"}],"about":[{"href":"https:\/\/yerdenizkooperatifi.org\/index.php\/wp-json\/wp\/v2\/types\/post"}],"author":[{"embeddable":true,"href":"https:\/\/yerdenizkooperatifi.org\/index.php\/wp-json\/wp\/v2\/users\/1"}],"replies":[{"embeddable":true,"href":"https:\/\/yerdenizkooperatifi.org\/index.php\/wp-json\/wp\/v2\/comments?post=545"}],"version-history":[{"count":3,"href":"https:\/\/yerdenizkooperatifi.org\/index.php\/wp-json\/wp\/v2\/posts\/545\/revisions"}],"predecessor-version":[{"id":603,"href":"https:\/\/yerdenizkooperatifi.org\/index.php\/wp-json\/wp\/v2\/posts\/545\/revisions\/603"}],"wp:featuredmedia":[{"embeddable":true,"href":"https:\/\/yerdenizkooperatifi.org\/index.php\/wp-json\/wp\/v2\/media\/672"}],"wp:attachment":[{"href":"https:\/\/yerdenizkooperatifi.org\/index.php\/wp-json\/wp\/v2\/media?parent=545"}],"wp:term":[{"taxonomy":"category","embeddable":true,"href":"https:\/\/yerdenizkooperatifi.org\/index.php\/wp-json\/wp\/v2\/categories?post=545"},{"taxonomy":"post_tag","embeddable":true,"href":"https:\/\/yerdenizkooperatifi.org\/index.php\/wp-json\/wp\/v2\/tags?post=545"}],"curies":[{"name":"wp","href":"https:\/\/api.w.org\/{rel}","templated":true}]}}