{"id":555,"date":"2021-01-02T15:21:44","date_gmt":"2021-01-02T15:21:44","guid":{"rendered":"http:\/\/yerdenizkooperatifi.org\/?p=555"},"modified":"2021-03-26T10:25:13","modified_gmt":"2021-03-26T10:25:13","slug":"ravandali-kadinlar-dernegi","status":"publish","type":"post","link":"https:\/\/yerdenizkooperatifi.org\/index.php\/2021\/01\/02\/ravandali-kadinlar-dernegi\/","title":{"rendered":"Ravandal\u0131 Kad\u0131nlar Derne\u011fi"},"content":{"rendered":"\n<p><strong>(Kar\u0131\u015f\u0131k sal\u00e7a, bulgur, kuru nane, Kilis Karas\u0131 kuru \u00fcz\u00fcm)<\/strong><\/p>\n\n\n\n<p>Kilis\u2019in Musabeyli ve Polateli il\u00e7elerine ba\u011fl\u0131 Bekta\u015fo\u011flu, Belen\u00f6z\u00fc, Sabanl\u0131, Dutluca, A\u015fa\u011f\u0131 Kalecik, G\u00f6kmusa, Ye\u015filoba ve Ko\u00e7ca\u011f\u0131z kad\u0131nlar\u0131n\u0131n bir araya gelerek kurdu\u011fu Ravandal\u0131 Kad\u0131nlar Derne\u011fi, \u00fclkemizde k\u0131rsal b\u00f6lgelerde tabandan \u00f6rg\u00fctlenerek hayata ge\u00e7mi\u015f az say\u0131da \u00f6rneklerden birisi olma \u00f6zelli\u011fini ta\u015f\u0131yor.<\/p>\n\n\n\n<p>Ravandal\u0131 Kad\u0131nlar Derne\u011fi, \u00fcyelerinin geli\u015fimi i\u00e7in pek \u00e7ok alanda e\u011fitimlere y\u00f6nlendirmektedir. Etkin ileti\u015fim, birlikte \u00e7al\u0131\u015fma ve motivasyon, bilgisayar ve internet kullan\u0131m\u0131, temel muhasebe ve kay\u0131t tutma ald\u0131klar\u0131 e\u011fitimlerin bir k\u0131sm\u0131d\u0131r.<\/p>\n\n\n\n<p>Anne \u00c7ocuk E\u011fitim Vakf\u0131\u2019n\u0131n e\u011fitim programlar\u0131 kapsam\u0131nda Anne \u00c7ocuk Sa\u011fl\u0131\u011f\u0131, Gen\u00e7 K\u0131zlar G\u00fc\u00e7leniyor, Dere Tepe Kad\u0131n Destek Program\u0131 kapsam\u0131nda bir dizi e\u011fitim faaliyetine kat\u0131larak \u00fcyelerinin geli\u015fimini s\u00fcrekli hale getiriyorlar.<\/p>\n\n\n\n<p>\u0130ki k\u00f6yde yaz anaokulu a\u00e7arak 4 k\u00f6yden \u00e7ocuklar\u0131n bu yaz okullar\u0131na kat\u0131lmas\u0131n\u0131 sa\u011flad\u0131lar.&nbsp; Kad\u0131nlar ve \u00e7ocuklardan olu\u015fan gruplar ile kitap okuma g\u00fcnleri d\u00fczenliyorlar.<\/p>\n\n\n\n<p>Kendilerini do\u011falar\u0131n\u0131n emanet\u00e7isi olarak g\u00f6r\u00fcyorlar. Ya\u015fad\u0131klar\u0131 \u00e7evreyi korumak ve g\u00fczelle\u015ftirmek i\u00e7in \u00e7e\u015fitli etkinlikler ger\u00e7ekle\u015ftiriyorlar.&nbsp;<\/p>\n\n\n\n<p>I. Karak\u0131l\u00e7\u0131k bulguru dernek \u00fcyelerinin 10-15 d\u00f6n\u00fcm aras\u0131ndaki tarlalar\u0131nda sonbahar ba\u015f\u0131nda ekilir.\u00a0 Sulama yap\u0131lmaz ya\u011fmur yeterli olur. G\u00fcbre olarak do\u011fal hayvan g\u00fcbre kullan\u0131yorlar. Yabani otlardan kurtulmak i\u00e7in \u00e7apa yap\u0131l\u0131yor.\u00a0<\/p>\n\n\n\n<p>Hasattan sonra gelecek y\u0131l\u0131n tohumu ayr\u0131l\u0131r. Kalan bu\u011fday odun ate\u015finde kaynat\u0131larak g\u00fcne\u015fte kurutulur. Kurutulan taneler de\u011firmene g\u00f6t\u00fcr\u00fcl\u00fcp \u00f6\u011f\u00fct\u00fclerek bulgur elde edilir.&nbsp;<\/p>\n\n\n\n<p>II. Tohumlar ve Fideler<\/p>\n\n\n\n<p>Kulland\u0131\u011f\u0131n\u0131z tohumlar atal\u0131k (yerli) m\u0131, hibrit mi GDO\u2019lu mu?<\/p>\n\n\n\n<p>Genellikle kendi yerli tohumu<\/p>\n\n\n\n<p>Kulland\u0131\u011f\u0131n\u0131z tohumlar\u0131 nas\u0131l\/kimden al\u0131yorsunuz ?<\/p>\n\n\n\n<p>Kendisi, bir \u00f6nceki y\u0131ldan ay\u0131r\u0131r<\/p>\n\n\n\n<p>Fidelerini kendiniz mi yeti\u015ftiriyorsunuz ? Haz\u0131r al\u0131yorsan\u0131z, kimden al\u0131yorsunuz ?<\/p>\n\n\n\n<p>Domates fidesini \u0130l\u00e7e Tar\u0131m M\u00fcd\u00fcrl\u00fc\u011f\u00fc veya Ziraat Odas\u0131ndan, bir k\u0131sm\u0131n\u0131 da kendi tohumu<\/p>\n\n\n\n<p>Patatesi kendi tohumu<\/p>\n\n\n\n<p>III. Arazi Y\u00f6netimi<\/p>\n\n\n\n<p>1. \u00dcretim alan\u0131 ka\u00e7 d\u00f6n\u00fcm?<\/p>\n\n\n\n<p>Her y\u0131l de\u011fi\u015fmekle birlikte patates yakla\u015f\u0131k 5-10 d\u00f6n\u00fcm,<\/p>\n\n\n\n<p>Domates birka\u00e7 y\u00fcz metrekarelik k\u00fc\u00e7\u00fck bir bah\u00e7e<\/p>\n\n\n\n<p>2. \u00dcretici bu arazide ne zamand\u0131r tar\u0131m yap\u0131yor?<\/p>\n\n\n\n<p>Arazi babadan kalmad\u0131r<\/p>\n\n\n\n<p>3. Son 36 ay i\u00e7inde yapay (kimyasal) g\u00fcbre, b\u00f6cek ilac\u0131, mantar \u00f6ld\u00fcr\u00fcc\u00fc ila\u00e7 veya ot \u00f6ld\u00fcr\u00fcc\u00fc ila\u00e7 kullan\u0131lm\u0131\u015f m\u0131?&nbsp; EVET \/ HAYIR<\/p>\n\n\n\n<p>Evetse&nbsp; hangi \u00fcr\u00fcnlerde ne zaman, ne \u00e7e\u015fit ve ne kadar kullan\u0131lm\u0131\u015f?<\/p>\n\n\n\n<p>Sebzesine ila\u00e7 yapmaz, kimyasal g\u00fcbre kullanmaz<\/p>\n\n\n\n<p>IV. Toprak Verimlili\u011fi<\/p>\n\n\n\n<p>1. Hayvan g\u00fcbresi kullan\u0131l\u0131yor mu? EVET \/ HAYIR<\/p>\n\n\n\n<p>Evetse hangi hayvan ve bu hayvanlar neyle besleniyor?<\/p>\n\n\n\n<p>Evet hayvan g\u00fcbresi kullan\u0131r. Kendi besledi\u011fi s\u0131\u011f\u0131rlar\u0131n\u0131n g\u00fcbresi ve bazen civardaki tavuk \u00e7iftliklerinden de g\u00fcbre al\u0131r. Kendi s\u0131\u011f\u0131rlar\u0131n\u0131 otlat\u0131r, onlar i\u00e7in yonca, korunca eker.&nbsp;<\/p>\n\n\n\n<p>2. Ye\u015fil g\u00fcbre (topra\u011f\u0131 zenginle\u015ftirecek bakla, soya, nohut gibi bitkiler) ama\u00e7l\u0131 ekim yap\u0131l\u0131yor mu? EVET \/ HAYIR<\/p>\n\n\n\n<p>Evetse ne ekiliyor<\/p>\n\n\n\n<p>Yesil g\u00fcbre kullanmaz ama ekimini s\u0131ral\u0131 yapar.&nbsp;<\/p>\n\n\n\n<p>3. Toprak verimini art\u0131rmak i\u00e7in ba\u015fka girdiler kullan\u0131l\u0131yor mu? EVET \/ HAYIR<\/p>\n\n\n\n<p>Evetse ne kullan\u0131l\u0131yor?<\/p>\n\n\n\n<p>S\u0131ral\u0131 ekim yapar, \u00e7iftine ve topra\u011f\u0131n tav\u0131na dikkat eder. Satmak i\u00e7in \u00fcretim yapmad\u0131\u011f\u0131 i\u00e7in y\u00fcksek verim \u00f6nceli\u011fi de\u011fildir.&nbsp;<\/p>\n\n\n\n<p>V. Su Kullan\u0131m\u0131<\/p>\n\n\n\n<p>1. \u00c7evrede do\u011fal su kaynaklar\u0131n\u0131 kirletebilecek uygulamalar var m\u0131? (sanayi tesisleri, madenler vb.) EVET \/ HAYIR<\/p>\n\n\n\n<p>Evetse ne var ve \u00fcretim alan\u0131na ne kadar mesafede?<\/p>\n\n\n\n<p>Yok. B\u00f6lgede su s\u0131k\u0131nt\u0131s\u0131 yoktur, araziler su kaynaklar\u0131na yak\u0131nd\u0131r.&nbsp;&nbsp;<\/p>\n\n\n\n<p>VI. Yabani Otlar<\/p>\n\n\n\n<p>1. \u00dcreticinin ba\u015fa \u00e7\u0131kmakta en \u00e7ok zorland\u0131\u011f\u0131 yabani otlar neler?<\/p>\n\n\n\n<p>Otlar\u0131n yerel adlar\u0131 \u015f\u00f6yle; k\u00f6y g\u00f6\u00e7\u00fcren, sirken, k\u0131yg\u0131n vb.&nbsp;<\/p>\n\n\n\n<p>2. Yabani otlar\u0131 kontrol alt\u0131na almak i\u00e7in herhangi bir y\u00f6ntem kullan\u0131l\u0131yor mu?<\/p>\n\n\n\n<p>EVET \/ HAYIR<\/p>\n\n\n\n<p>Evetse hangi y\u00f6ntem(ler)?<\/p>\n\n\n\n<p>El ile \u00e7apa yap\u0131l\u0131r.&nbsp;<\/p>\n\n\n\n<p>3. Yabani otlar\u0131 kontrol alt\u0131na almak i\u00e7in herhangi bir tar\u0131msal girdi kullan\u0131l\u0131yor mu?<\/p>\n\n\n\n<p>EVET \/ HAYIR<\/p>\n\n\n\n<p>Evetse isimleri nelerdir?<\/p>\n\n\n\n<p>Hay\u0131r<\/p>\n\n\n\n<p>VII. B\u00f6cekler<\/p>\n\n\n\n<p>1. \u00dcretim alan\u0131ndaki \u00fcr\u00fcnleri inceleyiniz. \u00dcr\u00fcnlerde b\u00f6cek veya b\u00f6cekten kaynakl\u0131 hasar var m\u0131? EVET \/ HAYIR<\/p>\n\n\n\n<p>Evet<\/p>\n\n\n\n<p>2. \u00dcreticinin ba\u015fa \u00e7\u0131kmakta zorland\u0131\u011f\u0131 b\u00f6cekler ve bu b\u00f6ceklerin zarar verdi\u011fi \u00fcr\u00fcnler hangileri?<\/p>\n\n\n\n<p>\u00d6zellikle patateste b\u00f6cek vard\u0131r, bitkiyi yer. Patatesin yumrular\u0131n\u0131 yiyen bir de yer kurdu vard\u0131r. K\u00f6stebek vard\u0131r.&nbsp;<\/p>\n\n\n\n<p>Fasulyede pirecik olur<\/p>\n\n\n\n<p>3. B\u00f6cekleri kontrol alt\u0131na almak i\u00e7in herhangi bir y\u00f6ntem kullan\u0131l\u0131yor mu? EVET \/ HAYIR<\/p>\n\n\n\n<p>Evetse hangi y\u00f6ntem(ler)? (\u00f6r. elle toplama, karde\u015f bitkiler vb.)<\/p>\n\n\n\n<p>Evet ama bunun i\u00e7in ila\u00e7 yap\u0131lmaz. Bazen elle toplan\u0131r. Ayr\u0131ca kom\u015fu arazilerdeki patatesler ila\u00e7lan\u0131nca b\u00fct\u00fcn b\u00f6cekler bizimkilere dolu\u015fur ama \u00e7ok sorun etmeyiz. K\u00f6stebek i\u00e7in kapan kurulur.\u00a0<\/p>\n\n\n\n<p>4. B\u00f6cekleri kontrol alt\u0131na almak i\u00e7in herhangi bir tar\u0131msal girdi kullan\u0131l\u0131yor mu? (organik ila\u00e7lar, ev yap\u0131m\u0131 ila\u00e7lar, geleneksel ve do\u011fal \u00e7\u00f6z\u00fcmler vb.) EVET \/ HAYIR<\/p>\n\n\n\n<p>Evetse ismi nedir veya kendi yapt\u0131\u011f\u0131 ila\u00e7sa re\u00e7etesi nedir?<\/p>\n\n\n\n<p>Evde ila\u00e7 yap\u0131lmaz<\/p>\n\n\n\n<p>VIII. Hastal\u0131klar<\/p>\n\n\n\n<p>1. \u00dcreticinin ba\u015fa \u00e7\u0131kmakta en \u00e7ok zorland\u0131\u011f\u0131 bitki hastal\u0131klar\u0131 neler?&nbsp;<\/p>\n\n\n\n<p>Domatesin dal\u0131nda kurumas\u0131na, \u00e7\u00fcr\u00fcmesine neden olan bir hastal\u0131k<\/p>\n\n\n\n<p>2. \u00dcretici bu hastal\u0131klar\u0131 \u00f6nlemek veya hastalanan bitkileri iyile\u015ftirmek i\u00e7in hangi y\u00f6ntemleri kullan\u0131yor?<\/p>\n\n\n\n<p>Hastalanan bitki yok olmaya terk edilir: Kalan sa\u011flar bizimdir.&nbsp;<\/p>\n\n\n\n<p>3. \u00dcretici bu hastal\u0131klar\u0131 \u00f6nlemek veya hastalanan bitkileri iyile\u015ftirmek i\u00e7in herhangi bir tar\u0131msal girdi kullan\u0131yor mu? (organik ila\u00e7lar, ev yap\u0131m\u0131 ila\u00e7lar, geleneksel ve do\u011fal \u00e7\u00f6z\u00fcmler vb.) EVET \/ HAYIR<\/p>\n\n\n\n<p>Evetse ismi nedir veya kendi yapt\u0131\u011f\u0131 ila\u00e7sa re\u00e7etesi nedir?<\/p>\n\n\n\n<p>Hay\u0131r<\/p>\n\n\n\n<p>IX. Tampon B\u00f6lgeler<\/p>\n\n\n\n<p>Civarda ila\u00e7lama yap\u0131l\u0131yorsa tampon b\u00f6lgeye dikkat edilmeli. Standart tampon genellikle 15 metredir fakat \u015fartlara (r\u00fczgar, e\u011fim, ila\u00e7lama \u015fekli) g\u00f6re de\u011fi\u015febilir. \u00d6rne\u011fin kom\u015fu arazide d\u00fc\u015f\u00fck yo\u011funluklu ila\u00e7lama yap\u0131l\u0131yorsa 8 metre yeterli olabilirken y\u00fcksek yo\u011funluklu ila\u00e7lamada 15 metreden fazla uzakl\u0131k gerekir.&nbsp;<\/p>\n\n\n\n<p>1. \u00dcretim alan\u0131n\u0131n kom\u015fu arazilerinde ne yap\u0131l\u0131yor?<\/p>\n\n\n\n<p>Tarlas\u0131n\u0131n birinde kom\u015fusu tar\u0131m yap\u0131yor di\u011ferinde kom\u015fu araziler bo\u015f, sahipleri k\u00f6y\u00fc terk etmi\u015f.&nbsp;<\/p>\n\n\n\n<p>2. Kom\u015fu arazide ila\u00e7lama yap\u0131l\u0131yor mu? EVET \/ HAYIR<\/p>\n\n\n\n<p>Evetse hangi ila\u00e7, ne zaman, ne s\u0131kl\u0131kta, ne \u015fekilde yap\u0131l\u0131yor?<\/p>\n\n\n\n<p>Tar\u0131m yapan kom\u015fusu patates ekti\u011finde tohumunu ila\u00e7l\u0131 al\u0131r, b\u00f6cek i\u00e7in de ila\u00e7lama yapar ama y\u00fcksek yo\u011funluklu de\u011fil.&nbsp;<\/p>\n\n\n\n<p>3. \u00dcretim alan\u0131n\u0131n etraf\u0131nda yeterli tampon b\u00f6lge var m\u0131? EVET \/ HAYIR<\/p>\n\n\n\n<p>Var.&nbsp;<\/p>\n\n\n\n<p>4. Tampon b\u00f6lgede \u00e7al\u0131lar, a\u011fa\u00e7lar gibi do\u011fal perdeler var m\u0131? EVET \/ HAYIR<\/p>\n\n\n\n<p>Arada meyve a\u011fa\u00e7lar\u0131, yol, su ark\u0131 var.<\/p>\n","protected":false},"excerpt":{"rendered":"<p>(Kar\u0131\u015f\u0131k sal\u00e7a, bulgur, kuru nane, Kilis Karas\u0131 kuru \u00fcz\u00fcm) Kilis\u2019in Musabeyli ve Polateli il\u00e7elerine ba\u011fl\u0131 Bekta\u015fo\u011flu, Belen\u00f6z\u00fc, Sabanl\u0131, Dutluca, A\u015fa\u011f\u0131<\/p>\n","protected":false},"author":1,"featured_media":665,"comment_status":"open","ping_status":"open","sticky":false,"template":"","format":"standard","meta":[],"categories":[25],"tags":[],"gutentor_comment":0,"_links":{"self":[{"href":"https:\/\/yerdenizkooperatifi.org\/index.php\/wp-json\/wp\/v2\/posts\/555"}],"collection":[{"href":"https:\/\/yerdenizkooperatifi.org\/index.php\/wp-json\/wp\/v2\/posts"}],"about":[{"href":"https:\/\/yerdenizkooperatifi.org\/index.php\/wp-json\/wp\/v2\/types\/post"}],"author":[{"embeddable":true,"href":"https:\/\/yerdenizkooperatifi.org\/index.php\/wp-json\/wp\/v2\/users\/1"}],"replies":[{"embeddable":true,"href":"https:\/\/yerdenizkooperatifi.org\/index.php\/wp-json\/wp\/v2\/comments?post=555"}],"version-history":[{"count":3,"href":"https:\/\/yerdenizkooperatifi.org\/index.php\/wp-json\/wp\/v2\/posts\/555\/revisions"}],"predecessor-version":[{"id":1209,"href":"https:\/\/yerdenizkooperatifi.org\/index.php\/wp-json\/wp\/v2\/posts\/555\/revisions\/1209"}],"wp:featuredmedia":[{"embeddable":true,"href":"https:\/\/yerdenizkooperatifi.org\/index.php\/wp-json\/wp\/v2\/media\/665"}],"wp:attachment":[{"href":"https:\/\/yerdenizkooperatifi.org\/index.php\/wp-json\/wp\/v2\/media?parent=555"}],"wp:term":[{"taxonomy":"category","embeddable":true,"href":"https:\/\/yerdenizkooperatifi.org\/index.php\/wp-json\/wp\/v2\/categories?post=555"},{"taxonomy":"post_tag","embeddable":true,"href":"https:\/\/yerdenizkooperatifi.org\/index.php\/wp-json\/wp\/v2\/tags?post=555"}],"curies":[{"name":"wp","href":"https:\/\/api.w.org\/{rel}","templated":true}]}}