{"id":557,"date":"2021-01-02T15:21:36","date_gmt":"2021-01-02T15:21:36","guid":{"rendered":"http:\/\/yerdenizkooperatifi.org\/?p=557"},"modified":"2021-03-26T10:17:49","modified_gmt":"2021-03-26T10:17:49","slug":"s-s-sindi-tarimsal-kalkinma-kooperatifi","status":"publish","type":"post","link":"https:\/\/yerdenizkooperatifi.org\/index.php\/2021\/01\/02\/s-s-sindi-tarimsal-kalkinma-kooperatifi\/","title":{"rendered":"S.S. S\u0131nd\u0131 Tar\u0131msal Kalk\u0131nma Kooperatifi"},"content":{"rendered":"\n<p><strong>(Z.ya\u011f\u0131, \u00e7am bal\u0131, badem, harnup pekmezi)<\/strong><\/p>\n\n\n\n<p>70\u2019li y\u0131llarda Dat\u00e7a S\u0131nd\u0131 K\u00f6y\u00fc\u2019nde bulunan zeytin a\u011fa\u00e7lar\u0131 Ayval\u0131k y\u00f6resinde \u00e7ok\u00e7a bulunan ve ya\u011f verimi y\u00fcksek olan ya\u011fl\u0131k zeytinler ile a\u015f\u0131lan\u0131yor. Kooperatife \u00fcye \u00e7ift\u00e7ilerin bah\u00e7elerinde toplamda 5000 dekar alanda yeti\u015fen zeytin a\u011fa\u00e7lar\u0131, ye\u015fil g\u00fcbreleme yoluyla besleniyor ve ya\u011fmurla sulan\u0131yor. Kas\u0131m ay\u0131 itibariyle zeytinler aileler taraf\u0131ndan zeytin a\u011fac\u0131 alt\u0131na \u00f6rt\u00fc serilerek s\u0131r\u0131klarla toplan\u0131yor. Toplanan zeytinler bekletilmeden k\u00f6ydeki veya k\u00f6ye yak\u0131n mesafedeki ya\u011fhanelere g\u00f6nderiliyor. Ya\u011fhanede \u00f6nce y\u0131kanan ve temizlenen zeytinler sonra filtreden ge\u00e7irilerek ya\u011f\u0131 ve suyu ayr\u0131l\u0131yor. Aileler taraf\u0131ndan krom tanklara dolduruluyor ve kooperatife getiriliyor. Kooperatifte bulunan \u00e7ift musluklu krom tanka dolduruluyor ve bir musluktan ya\u011f s\u00fcz\u00fcl\u00fcrken di\u011fer musluktan yeni hasat zeytinya\u011flar\u0131nda g\u00f6r\u00fclen beyaz tortu \u00e7\u00f6kt\u00fcr\u00fclerek s\u00fcz\u00fcl\u00fcyor.<\/p>\n\n\n\n<p>\u00c7am Bal\u0131\u00a0 toplam 5000 dekar alanda yap\u0131l\u0131yor. A\u011fa\u00e7lar\u00a0 ya\u011fmur suyu ile sulan\u0131yor. \u00c7am a\u011fa\u00e7lar\u0131 re\u00e7ine vermeye ba\u015flad\u0131\u011f\u0131nda ar\u0131lar bu re\u00e7inelerle beslenerek kovanlar\u0131nda bal haline getiriyorlar. A\u011fustos ay\u0131ndan, Kas\u0131m sonuna dek bal\u0131n sa\u011f\u0131lmas\u0131 yap\u0131l\u0131yor. Peteklerden sa\u011f\u0131lan bal, direk krom tanklara depolan\u0131yor. Hi\u00e7bir katk\u0131 maddesi kullan\u0131lmadan kavanozlara aktar\u0131l\u0131yor.<\/p>\n\n\n\n<p>Ak badem 3000 dekar arazide yeti\u015fiyor ve sulamas\u0131 yine ya\u011fmurla. \u00c7a\u011fla bademi Mart &#8211; Nisan aylar\u0131nda a\u011fa\u00e7tan toplan\u0131yor, badem ise Temmuz &#8211; A\u011fustos d\u00f6neminde hasat ediliyor.<\/p>\n\n\n\n<p>\u00c7ift\u00e7iler kendi besledikleri ke\u00e7i ve s\u0131\u011f\u0131rlar\u0131n g\u00fcbrelerini a\u011fa\u00e7 diplerine at\u0131yor, ayr\u0131ca a\u011fa\u00e7 diplerine arpa, fi\u011f ekilip toprak \u00e7apalanarak bu \u00fcr\u00fcnlerin topra\u011fa kar\u0131\u015fmas\u0131 sa\u011flan\u0131p ye\u015fil g\u00fcbreleme yap\u0131l\u0131yor. Badem a\u011fa\u00e7lar\u0131 i\u00e7in Kas\u0131m \u2013 Aral\u0131k &#8211; Ocak aylar\u0131 gibi a\u011fa\u00e7 diplerinin s\u00fcr\u00fcm\u00fc yap\u0131l\u0131yor ve g\u00fcbre at\u0131l\u0131yor. A\u011fa\u00e7lar\u0131n budanmas\u0131 Kas\u0131m ay\u0131 i\u00e7inde yap\u0131l\u0131yor. \u00c7\u00fcnk\u00fc sulama d\u00f6neminde a\u011fa\u00e7ta herhangi bir hastal\u0131k varsa di\u011fer a\u011fa\u00e7lara ge\u00e7me riski oluyor. Kas\u0131m ay\u0131nda sulama olmad\u0131\u011f\u0131ndan hastal\u0131k varsa bile di\u011fer a\u011fa\u00e7lara bula\u015fm\u0131yor.<\/p>\n\n\n\n<p>Harnup pekmezini 2000 dekar arazide yeti\u015fen ve eyl\u00fcl ay\u0131nda hasat edilen ke\u00e7iboynuzundan yap\u0131yorlar. Ke\u00e7i boynuzu a\u011fac\u0131n\u0131n k\u00f6kleri 15 mt derine kadar inebildi\u011finden ayr\u0131ca bir sulama yapmaya ihtiya\u00e7 kalm\u0131yor, ya\u011fmur suyu a\u011fa\u00e7lar i\u00e7in yeterli oluyor. \u00c7ift\u00e7iler kendi besledikleri ke\u00e7i ve s\u0131\u011f\u0131rlar\u0131n g\u00fcbrelerini a\u011fa\u00e7 diplerine at\u0131yorlar, ayr\u0131ca ye\u015fil g\u00fcbreleme yap\u0131l\u0131yor.<\/p>\n\n\n\n<p>Ke\u00e7iboynuzu b\u00f6lgede do\u011fal olarak kendili\u011finden yeti\u015fen a\u011fa\u00e7lar. Sadece Aral\u0131k ay\u0131 gibi budama yap\u0131l\u0131yor.<\/p>\n","protected":false},"excerpt":{"rendered":"<p>(Z.ya\u011f\u0131, \u00e7am bal\u0131, badem, harnup pekmezi) 70\u2019li y\u0131llarda Dat\u00e7a S\u0131nd\u0131 K\u00f6y\u00fc\u2019nde bulunan zeytin a\u011fa\u00e7lar\u0131 Ayval\u0131k y\u00f6resinde \u00e7ok\u00e7a bulunan ve ya\u011f<\/p>\n","protected":false},"author":1,"featured_media":666,"comment_status":"open","ping_status":"open","sticky":false,"template":"","format":"standard","meta":[],"categories":[32,25,29],"tags":[],"gutentor_comment":0,"_links":{"self":[{"href":"https:\/\/yerdenizkooperatifi.org\/index.php\/wp-json\/wp\/v2\/posts\/557"}],"collection":[{"href":"https:\/\/yerdenizkooperatifi.org\/index.php\/wp-json\/wp\/v2\/posts"}],"about":[{"href":"https:\/\/yerdenizkooperatifi.org\/index.php\/wp-json\/wp\/v2\/types\/post"}],"author":[{"embeddable":true,"href":"https:\/\/yerdenizkooperatifi.org\/index.php\/wp-json\/wp\/v2\/users\/1"}],"replies":[{"embeddable":true,"href":"https:\/\/yerdenizkooperatifi.org\/index.php\/wp-json\/wp\/v2\/comments?post=557"}],"version-history":[{"count":4,"href":"https:\/\/yerdenizkooperatifi.org\/index.php\/wp-json\/wp\/v2\/posts\/557\/revisions"}],"predecessor-version":[{"id":1207,"href":"https:\/\/yerdenizkooperatifi.org\/index.php\/wp-json\/wp\/v2\/posts\/557\/revisions\/1207"}],"wp:featuredmedia":[{"embeddable":true,"href":"https:\/\/yerdenizkooperatifi.org\/index.php\/wp-json\/wp\/v2\/media\/666"}],"wp:attachment":[{"href":"https:\/\/yerdenizkooperatifi.org\/index.php\/wp-json\/wp\/v2\/media?parent=557"}],"wp:term":[{"taxonomy":"category","embeddable":true,"href":"https:\/\/yerdenizkooperatifi.org\/index.php\/wp-json\/wp\/v2\/categories?post=557"},{"taxonomy":"post_tag","embeddable":true,"href":"https:\/\/yerdenizkooperatifi.org\/index.php\/wp-json\/wp\/v2\/tags?post=557"}],"curies":[{"name":"wp","href":"https:\/\/api.w.org\/{rel}","templated":true}]}}