{"id":758,"date":"2019-11-22T22:27:00","date_gmt":"2019-11-22T22:27:00","guid":{"rendered":"http:\/\/yerdenizkooperatifi.org\/?p=758"},"modified":"2021-04-05T19:33:57","modified_gmt":"2021-04-05T19:33:57","slug":"yeldegirmeninde-balli-soylesi-yapildi","status":"publish","type":"post","link":"https:\/\/yerdenizkooperatifi.org\/index.php\/2019\/11\/22\/yeldegirmeninde-balli-soylesi-yapildi\/","title":{"rendered":"Abdurrahman Canl\u0131 \u0130le Ball\u0131 S\u00f6yle\u015fi D\u00fczenledik"},"content":{"rendered":"\n<p>Yel de\u011firmeni mahallesinde bulunan YerDeniz Kooperatifi \u00fcretici ile t\u00fcketiciyi bir araya getiren bal tad\u0131nda bir s\u00f6yle\u015fi d\u00fczenledi. YerDeniz Kooperatifi\u2019nin bal \u00fcreticilerinden olan Abdurrahman Canl\u0131, bal\u0131n \u00fcretim ko\u015fullar\u0131ndan, saklama ko\u015fullar\u0131na dek uzanan yelpazede pek \u00e7ok konuya de\u011findi.<\/p>\n\n\n\n<p>Ayn\u0131 zamanda Zonguldak \u0130li Ar\u0131 Yeti\u015ftiricileri Birli\u011fi (Zaybir) ba\u015fkan\u0131 da olan Abdurrahman Canl\u0131, Zaybir\u2019in \u0131slah ama\u00e7l\u0131 hayvan yeti\u015ftirme mevzuat\u0131na uygun olarak, 80 ilde kurulmu\u015f olan bir birlik oldu\u011funu ve Zonguldak ilinde 920\u2019si as\u0131l, 340\u2019\u0131 aday olmak \u00fczere 1.260 Zaybir \u00fcyesi ar\u0131c\u0131, 60 binin \u00fczerinde ar\u0131c\u0131lara ait koloninin bulundu\u011funu s\u00f6yledi.&nbsp;<\/p>\n\n\n\n<div id=\"section-gfb22f2\" class=\"wp-block-gutentor-e6 section-gfb22f2 gutentor-element gutentor-element-image\"><div class=\"gutentor-element-image-box\"><div class=\"gutentor-image-thumb\"><img class=\"normal-image\" src=\"http:\/\/yerdenizkooperatifi.org\/wp-content\/uploads\/2021\/01\/soylesi1.jpg\"\/><\/div><\/div><\/div>\n\n\n\n<p>Abdurrahman Canl\u0131, ar\u0131c\u0131l\u0131\u011fa 30 y\u0131l \u00f6nce ba\u015flam\u0131\u015f. Ar\u0131c\u0131l\u0131\u011fa ba\u015flamas\u0131n\u0131n nedenini; maden i\u015f\u00e7isi olan ve 45 ya\u015f\u0131nda ci\u011ferleri iflas ederek \u00f6len babas\u0131na o d\u00f6nemlerde gelirlerinin yetmemesi y\u00fcz\u00fcnden kestane bal\u0131 verememelerinin sebep oldu\u011funu d\u00fc\u015f\u00fcn\u00fcyor. Kendisi de TTK\u2019dan emekli olan ve ayn\u0131 b\u00f6lgede ar\u0131c\u0131l\u0131k yapan Abdurrahman Canl\u0131, Zonguldak\u2019ta bulunan kolonilerin y\u00fczde 10\u2019nun \u00e7i\u00e7ek bal\u0131, kalan\u0131n\u0131n kestane bal\u0131 \u00fcretti\u011fine dikkat \u00e7ekiyor. Canl\u0131 ayn\u0131 zamanda, Zonguldak\u2019ta ar\u0131c\u0131l\u0131\u011f\u0131 zorunluluktan yapan ve bu i\u015fe bir ge\u00e7im kap\u0131s\u0131 olarak bakan aile say\u0131s\u0131n\u0131n 200\u2019\u00fc ge\u00e7meyece\u011fini s\u00f6yl\u00fcyor.&nbsp;<\/p>\n\n\n\n<p>Kestane bal\u0131 \u00fcretilen b\u00f6lge tam bir maden havzas\u0131 ve madenlerde \u00e7al\u0131\u015fan i\u015f\u00e7i say\u0131s\u0131 zamanla 60 binden 7 binlere kadar gerilemi\u015f.&nbsp; Daha d\u00fcne kadar \u201cT\u00fcrkiye\u2019nin Almanyas\u0131 olarak\u201d olarak bilinen ve \u00fclkenin her taraf\u0131ndan g\u00f6\u00e7 alan bir kent olan Zonguldak g\u00fcn\u00fcm\u00fczde s\u00fcrekli g\u00f6\u00e7 veren bir il durumuna d\u00fc\u015f\u00fcr\u00fclm\u00fc\u015f.<\/p>\n\n\n\n<p>Zonguldakl\u0131lar\u0131n \u0130stanbul\u2019da 24 adet derne\u011fi var diyen Canl\u0131, Zonguldak\u2019ta kalanlar\u0131n \u201ckatma de\u011fer ve istihdam\u201d yaratma amac\u0131yla kestane a\u011fac\u0131na ba\u011fl\u0131 bir hayat kurduklar\u0131n\u0131 belirtiyor ve ekliyor, \u201ckestane a\u011fac\u0131, ar\u0131, insan birbirine ba\u011fl\u0131 bir sistem, biri olmadan di\u011feri olmaz,\u201d diyor. Ar\u0131 \u00fcr\u00fcnlerinin nas\u0131l \u00fcretildi\u011finin, i\u015flendi\u011finin denetlenebilir bir \u015fekilde k\u0131r kent ziyaretleri ile sa\u011flanabilece\u011fini d\u00fc\u015f\u00fcnen Canl\u0131, \u201cbelki de bu \u015fekilde bal\u0131n raf fiyatlar\u0131 da d\u00fc\u015fecektir,\u201d diyor. Bal ile ilgili internette \u00e7ok fazla kirli bilgi oldu\u011funu dile getiren Canl\u0131, mesela bal ile s\u00fct\u00fcn kar\u0131\u015ft\u0131r\u0131larak i\u00e7ilmesinin her iki \u00fcr\u00fcn\u00fcn de etkisini s\u00f6n\u00fcmleyen bir konu oldu\u011funu ayr\u0131 ayr\u0131 i\u00e7ilmesinin daha do\u011fru oldu\u011funun alt\u0131n\u0131 \u00e7iziyor.<\/p>\n\n\n\n<p>\u201cBal\u0131 \u0131s\u0131ya maruz b\u0131rakmamak laz\u0131m, bal\u0131n uzun s\u00fcre ak\u0131\u015fkanl\u0131\u011f\u0131n\u0131 korumas\u0131 i\u00e7in \u0131s\u0131t\u0131larak paketleniyor olmas\u0131, bunlar\u0131n da t\u00fcketime sunulmas\u0131 \u00f6nlenmesi gereken bir sorundur\u201d diyen Canl\u0131, \u201c\u00d6zellikle kestane bal\u0131n\u0131n g\u00fcnde bir \u00e7orba ka\u015f\u0131\u011f\u0131 t\u00fcketilmesiyle, grip, nezle gibi solunum yollar\u0131 hastal\u0131klar\u0131nda, her t\u00fcrl\u00fc mide ve ba\u011f\u0131rsak rahats\u0131zl\u0131klar\u0131nda, B vitamini eksikliklerinde, \u00f6nceden \u00f6nlem al\u0131nm\u0131\u015f olacakt\u0131r. A\u011fr\u0131 kesici, do\u011fal antibiyotik ve anti oksidan \u00f6zellikleri olan bal\u0131n en kolay ve etkili t\u00fcketim \u015fekli 1 tatl\u0131 ka\u015f\u0131\u011f\u0131 bal\u0131 \u0131l\u0131k suyla kar\u0131\u015ft\u0131r\u0131p \u015furup gibi i\u00e7ilmesidir.\u201d&nbsp;<\/p>\n\n\n\n<div id=\"section-gcab714\" class=\"wp-block-gutentor-e6 section-gcab714 gutentor-element gutentor-element-image\"><div class=\"gutentor-element-image-box\"><div class=\"gutentor-image-thumb\"><img class=\"normal-image\" src=\"http:\/\/yerdenizkooperatifi.org\/wp-content\/uploads\/2021\/01\/soylesi2.jpg\"\/><\/div><\/div><\/div>\n\n\n\n<p>Sohbetin ilerleyen b\u00f6l\u00fcmlerinde\u201d \u00fclkemizde \u00e7am bal\u0131ndan sonra ticari potansiyeli olan monoflorak ballar\u0131n parmak izi \u00e7al\u0131\u015fmas\u0131n\u0131n yap\u0131ld\u0131\u011f\u0131n\u0131, \u00fc\u00e7\u00fcnc\u00fc y\u0131l \u00f6rneklerinin topland\u0131\u011f\u0131n\u0131 analiz \u00e7al\u0131\u015fmalar\u0131n\u0131n s\u00fcrd\u00fc\u011f\u00fcn\u00fc, \u00f6n\u00fcm\u00fczdeki y\u0131l bal kalitesinin laboratuar sonu\u00e7lar\u0131yla devlet kay\u0131tlar\u0131na da girmi\u015f olaca\u011f\u0131n\u0131\u201d \u00f6\u011freniyoruz.<\/p>\n\n\n\n<p>Abdurrahman Canl\u0131 \u201cSizlere \u015fu bal iyi, \u015fu bal k\u00f6t\u00fc diyemem, do\u011fru bal, \u00fcreticisini tan\u0131d\u0131\u011f\u0131n\u0131z ve g\u00fcvendi\u011finiz bal olabilir ancak, di\u011fer t\u00fcrl\u00fc laboratuvar analizi yapt\u0131rsan\u0131z bile baldaki hileleri anlayamayabilirsiniz. Bal\u0131n %97\u2019si taklit edilmi\u015f durumda, parmak izi \u00e7al\u0131\u015fmas\u0131 da kalan %3 \u00fczerinde yap\u0131lmaktad\u0131r,\u201d diyor.<\/p>\n\n\n\n<p>\u201cFarkl\u0131 bal testlerinden bahsediliyor ama bal al\u0131rken kar\u015f\u0131l\u0131kl\u0131 g\u00fcveni tesis etmek \u00f6nemli. Mesela kristalle\u015fme a\u015famas\u0131na gelen Ay\u00e7i\u00e7ek bal\u0131 kopar ve bal\u0131n do\u011fas\u0131nda de\u011fi\u015fim ba\u015flar. Polen i\u00e7eri\u011fine ba\u011fl\u0131 olarak kat\u0131la\u015fma olur ve \u00e7am bal\u0131n\u0131 saymazsak ak\u0131\u015fkanl\u0131\u011f\u0131n\u0131 en uzun s\u00fcre koruyan bal kestane bal\u0131d\u0131r, onun s\u00fcresi de 6 ay\u0131 ge\u00e7mez. Sorun bal\u0131n kaymak haline gelmesinde de\u011fil, s\u00fcrekli ak\u0131\u015fkan kalmas\u0131ndad\u0131r. Balda en \u00f6nemli konu sa\u011f\u0131m ile dolum aras\u0131ndaki zaman\u0131n k\u0131sal\u0131\u011f\u0131d\u0131r. Kestane bal\u0131n\u0131n de\u011feri, diyastaz, prolin ve polen i\u00e7eriklerinin y\u00fcksekli\u011fi ile \u00f6l\u00e7\u00fcl\u00fcr. Ar\u0131c\u0131l\u0131k ve ar\u0131 \u00fcr\u00fcnleri \u00fcretimi o kadar bozuldu ki, pancar \u015fekerinin bala kar\u0131\u015fm\u0131\u015f olmas\u0131 bile do\u011fal kabul ediliyor. Elbette ni\u015fasta bazl\u0131 \u015fekerle kar\u015f\u0131la\u015ft\u0131r\u0131ld\u0131\u011f\u0131nda pancar \u015fekeri daha masum kal\u0131yor.\u201d<\/p>\n\n\n\n<p>\u201cBir i\u015f\u00e7i ar\u0131n\u0131n tarlada nektar toplama \u00f6mr\u00fc 21 g\u00fcn ve \u00fcretim ba\u015far\u0131s\u0131 kovan i\u00e7indeki i\u015f\u00e7i ar\u0131 say\u0131s\u0131yla do\u011fru orant\u0131l\u0131d\u0131r. Sonbahar k\u0131\u015f d\u00f6neminde yeterli yiyecek yoksa, besleme-yemleme yapmak zorunluluktur\u2026\u201d diyen Canl\u0131 \u00f6zellikle g\u00fcven ili\u015fkisinin \u00f6nemine dikkat \u00e7ekiyor.<\/p>\n\n\n\n<p>\u201cSa\u011fl\u0131kl\u0131 bal \u015fekerlenir mi?\u201d sorusuna ise \u201cBal kristalize olur, \u0131s\u0131nan suya konuldu\u011funda \u00e7\u00f6z\u00fcl\u00fcyorsa bal ger\u00e7ektir denmeli, bal donmaz demek ger\u00e7ek\u00e7i de\u011fildir,\u201d cevab\u0131n\u0131 veriyor.<\/p>\n\n\n\n<p>Canl\u0131 ayr\u0131ca \u201cpetekli bal t\u00fcketmek, al\u0131\u015fkanl\u0131ktan \u00f6te bir \u015fey de\u011fil. Bal mumu insan dahil canl\u0131lar\u0131n b\u00fcy\u00fck bir b\u00f6l\u00fcm\u00fc taraf\u0131ndan sindirilemiyor. Petekli bal\u0131n do\u011fal san\u0131lmas\u0131 ba\u015fka bir yan\u0131lg\u0131, \u00e7\u00fcnk\u00fc ar\u0131lar 1 kg balmumu \u00fcretebilmek i\u00e7in 15 kg bal t\u00fcketiyorlar. Hi\u00e7bir ar\u0131c\u0131 15 kg baldan vazge\u00e7erek 1 kg balmumu i\u00e7eren petekli bal \u00fcretmez,\u201d diyor.<\/p>\n\n\n\n<div id=\"section-gfd24ea\" class=\"wp-block-gutentor-e6 section-gfd24ea gutentor-element gutentor-element-image\"><div class=\"gutentor-element-image-box\"><div class=\"gutentor-image-thumb\"><img class=\"normal-image\" src=\"http:\/\/yerdenizkooperatifi.org\/wp-content\/uploads\/2021\/01\/acanli_afis.jpg\"\/><\/div><\/div><\/div>\n\n\n\n<p>Gezici ar\u0131c\u0131l\u0131k konusunda ise; \u201cHer ar\u0131n\u0131n ya\u015fad\u0131\u011f\u0131 iklim ko\u015fullar\u0131 ba\u015fkad\u0131r. S\u0131cak b\u00f6lgelerden Zonguldak\u2019a gelen ar\u0131lar b\u00f6lge ko\u015fullar\u0131na uyum sa\u011flayam\u0131yor, bunun tam tersi de m\u00fcmk\u00fcn. Islah \u00e7al\u0131\u015fmas\u0131 yap\u0131lm\u0131yorsa, farkl\u0131 ar\u0131lar\u0131n koloniye kar\u0131\u015fmas\u0131 sorun olarak g\u00f6r\u00fclm\u00fcyorsa gezici ar\u0131c\u0131l\u0131k yap\u0131labilir,\u201d diyor.<\/p>\n\n\n\n<p>Kat\u0131l\u0131mc\u0131lardan gelen sorularla zenginle\u015fen s\u00f6yle\u015fide kuruyan kestane a\u011fa\u00e7lar\u0131ndan, balkon ar\u0131c\u0131l\u0131\u011f\u0131na, dek pek \u00e7ok konuya de\u011finildi. Bal deyip ge\u00e7meyelim kovandan sofraya izlenebilir bir s\u00fcre\u00e7 ancak \u00fcreticiyle t\u00fcketici aras\u0131nda organik ba\u011flar geli\u015ftirmekle, g\u00fcveni yeniden tesis etmekle m\u00fcmk\u00fcn.&nbsp;<\/p>\n","protected":false},"excerpt":{"rendered":"<p>Yel de\u011firmeni mahallesinde bulunan YerDeniz Kooperatifi \u00fcretici ile t\u00fcketiciyi bir araya getiren bal tad\u0131nda bir s\u00f6yle\u015fi d\u00fczenledi. YerDeniz Kooperatifi\u2019nin bal<\/p>\n","protected":false},"author":1,"featured_media":765,"comment_status":"open","ping_status":"open","sticky":false,"template":"","format":"standard","meta":[],"categories":[17,4],"tags":[],"gutentor_comment":0,"_links":{"self":[{"href":"https:\/\/yerdenizkooperatifi.org\/index.php\/wp-json\/wp\/v2\/posts\/758"}],"collection":[{"href":"https:\/\/yerdenizkooperatifi.org\/index.php\/wp-json\/wp\/v2\/posts"}],"about":[{"href":"https:\/\/yerdenizkooperatifi.org\/index.php\/wp-json\/wp\/v2\/types\/post"}],"author":[{"embeddable":true,"href":"https:\/\/yerdenizkooperatifi.org\/index.php\/wp-json\/wp\/v2\/users\/1"}],"replies":[{"embeddable":true,"href":"https:\/\/yerdenizkooperatifi.org\/index.php\/wp-json\/wp\/v2\/comments?post=758"}],"version-history":[{"count":5,"href":"https:\/\/yerdenizkooperatifi.org\/index.php\/wp-json\/wp\/v2\/posts\/758\/revisions"}],"predecessor-version":[{"id":1505,"href":"https:\/\/yerdenizkooperatifi.org\/index.php\/wp-json\/wp\/v2\/posts\/758\/revisions\/1505"}],"wp:featuredmedia":[{"embeddable":true,"href":"https:\/\/yerdenizkooperatifi.org\/index.php\/wp-json\/wp\/v2\/media\/765"}],"wp:attachment":[{"href":"https:\/\/yerdenizkooperatifi.org\/index.php\/wp-json\/wp\/v2\/media?parent=758"}],"wp:term":[{"taxonomy":"category","embeddable":true,"href":"https:\/\/yerdenizkooperatifi.org\/index.php\/wp-json\/wp\/v2\/categories?post=758"},{"taxonomy":"post_tag","embeddable":true,"href":"https:\/\/yerdenizkooperatifi.org\/index.php\/wp-json\/wp\/v2\/tags?post=758"}],"curies":[{"name":"wp","href":"https:\/\/api.w.org\/{rel}","templated":true}]}}