{"id":892,"date":"2021-02-07T22:48:59","date_gmt":"2021-02-07T22:48:59","guid":{"rendered":"http:\/\/yerdenizkooperatifi.org\/?p=892"},"modified":"2021-02-09T11:42:53","modified_gmt":"2021-02-09T11:42:53","slug":"seferihisar-kir-evleri","status":"publish","type":"post","link":"https:\/\/yerdenizkooperatifi.org\/index.php\/2021\/02\/07\/seferihisar-kir-evleri\/","title":{"rendered":"SEFER\u0130H\u0130SAR KIR EVLER\u0130"},"content":{"rendered":"\n<p>2020<br>Seferihisar<br>S\u00fcrd\u00fcr\u00fclebilir Konut Tasar\u0131m Fikirleri<\/p>\n\n\n\n<div class=\"wp-container-1 wp-block-group\"><div class=\"wp-block-group__inner-container\">\n<div class=\"wp-block-columns\">\n<div class=\"wp-block-column\" style=\"flex-basis:100%\">\n<section id=\"section-3897df73-eb8c-4a94-a848-8ec1ba7678a8\" class=\"wp-block-gutentor-image-slider gutentor-section gutentor-image-slider imageSlider-template1\"><div class=\"gutentor-block-header\"><div class=\"gutentor-section-title enable-title-design seperator-bottom text-center\"><h2 class=\"gutentor-title\"><\/h2><\/div><\/div><div class=\"gutentor-grid-item-wrap\"><div class=\"gutentor-slider-wrapper\" data-dots=\"true\" data-dots-tablet=\"false\" data-dots-mobile=\"false\" data-arrows=\"true\" data-arrows-tablet=\"false\" data-arrows-mobile=\"false\" data-infinite=\"false\" data-nextarrow=\"fas fa-angle-right\" data-prevarrow=\"fas fa-angle-left\" data-autoplay=\"false\" data-autoplayspeed=\"500\" data-fade=\"false\" data-speed=\"300\"><div class=\"gutentor-slider-item\"><div class=\"gutentor-single-item gutentor-single-item-0\"><div class=\"gutentor-single-item-wrap\"><div class=\"gutentor-single-item-image-box\"><div class=\"gutentor-image-thumb\"><img class=\"normal-image\" src=\"http:\/\/yerdenizkooperatifi.org\/wp-content\/uploads\/2021\/02\/seferihisar_eskiz3.jpg\" alt=\"\"\/><\/div><\/div><\/div><\/div><\/div><div class=\"gutentor-slider-item\"><div class=\"gutentor-single-item gutentor-single-item-1\"><div class=\"gutentor-single-item-wrap\"><div class=\"gutentor-single-item-image-box\"><div class=\"gutentor-image-thumb\"><img class=\"normal-image\" src=\"http:\/\/yerdenizkooperatifi.org\/wp-content\/uploads\/2021\/02\/seferihisar_eskiz2.jpg\" alt=\"\"\/><\/div><\/div><\/div><\/div><\/div><div class=\"gutentor-slider-item\"><div class=\"gutentor-single-item gutentor-single-item-2\"><div class=\"gutentor-single-item-wrap\"><div class=\"gutentor-single-item-image-box\"><div class=\"gutentor-image-thumb\"><img class=\"normal-image\" src=\"http:\/\/yerdenizkooperatifi.org\/wp-content\/uploads\/2021\/02\/seferihisar_eskiz1-scaled.jpg\" alt=\"\"\/><\/div><\/div><\/div><\/div><\/div><div class=\"gutentor-slider-item\"><div class=\"gutentor-single-item gutentor-single-item-3\"><div class=\"gutentor-single-item-wrap\"><div class=\"gutentor-single-item-image-box\"><div class=\"gutentor-image-thumb\"><img class=\"normal-image\" src=\"http:\/\/yerdenizkooperatifi.org\/wp-content\/uploads\/2021\/02\/seferihisar_eskiz4.jpg\" alt=\"\"\/><\/div><\/div><\/div><\/div><\/div><div class=\"gutentor-slider-item\"><div class=\"gutentor-single-item gutentor-single-item-4\"><div class=\"gutentor-single-item-wrap\"><div class=\"gutentor-single-item-image-box\"><div class=\"gutentor-image-thumb\"><img class=\"normal-image\" src=\"http:\/\/yerdenizkooperatifi.org\/wp-content\/uploads\/2021\/02\/seferihisar_eskiz6-scaled.jpg\" alt=\"\"\/><\/div><\/div><\/div><\/div><\/div><\/div><\/div><\/section>\n<\/div>\n<\/div>\n<\/div><\/div>\n","protected":false},"excerpt":{"rendered":"<p>2020SeferihisarS\u00fcrd\u00fcr\u00fclebilir Konut Tasar\u0131m Fikirleri<\/p>\n","protected":false},"author":4,"featured_media":894,"comment_status":"open","ping_status":"open","sticky":false,"template":"","format":"standard","meta":[],"categories":[15,8],"tags":[],"gutentor_comment":0,"_links":{"self":[{"href":"https:\/\/yerdenizkooperatifi.org\/index.php\/wp-json\/wp\/v2\/posts\/892"}],"collection":[{"href":"https:\/\/yerdenizkooperatifi.org\/index.php\/wp-json\/wp\/v2\/posts"}],"about":[{"href":"https:\/\/yerdenizkooperatifi.org\/index.php\/wp-json\/wp\/v2\/types\/post"}],"author":[{"embeddable":true,"href":"https:\/\/yerdenizkooperatifi.org\/index.php\/wp-json\/wp\/v2\/users\/4"}],"replies":[{"embeddable":true,"href":"https:\/\/yerdenizkooperatifi.org\/index.php\/wp-json\/wp\/v2\/comments?post=892"}],"version-history":[{"count":5,"href":"https:\/\/yerdenizkooperatifi.org\/index.php\/wp-json\/wp\/v2\/posts\/892\/revisions"}],"predecessor-version":[{"id":918,"href":"https:\/\/yerdenizkooperatifi.org\/index.php\/wp-json\/wp\/v2\/posts\/892\/revisions\/918"}],"wp:featuredmedia":[{"embeddable":true,"href":"https:\/\/yerdenizkooperatifi.org\/index.php\/wp-json\/wp\/v2\/media\/894"}],"wp:attachment":[{"href":"https:\/\/yerdenizkooperatifi.org\/index.php\/wp-json\/wp\/v2\/media?parent=892"}],"wp:term":[{"taxonomy":"category","embeddable":true,"href":"https:\/\/yerdenizkooperatifi.org\/index.php\/wp-json\/wp\/v2\/categories?post=892"},{"taxonomy":"post_tag","embeddable":true,"href":"https:\/\/yerdenizkooperatifi.org\/index.php\/wp-json\/wp\/v2\/tags?post=892"}],"curies":[{"name":"wp","href":"https:\/\/api.w.org\/{rel}","templated":true}]}}