{"id":940,"date":"2019-01-29T22:39:00","date_gmt":"2019-01-29T22:39:00","guid":{"rendered":"http:\/\/yerdenizkooperatifi.org\/?p=940"},"modified":"2021-04-05T12:24:32","modified_gmt":"2021-04-05T12:24:32","slug":"gida-krizi-soylesisinde-bulustuk","status":"publish","type":"post","link":"https:\/\/yerdenizkooperatifi.org\/index.php\/2019\/01\/29\/gida-krizi-soylesisinde-bulustuk\/","title":{"rendered":"G\u0131da Krizi S\u00f6yle\u015fisinde Bulu\u015ftuk"},"content":{"rendered":"\n<p>Uzun s\u00fcredir kamuoyunun g\u00fcndeminde olan G\u0131da Krizi daha \u00e7ok n\u00fcfus art\u0131\u015f\u0131na ba\u011flanarak end\u00fcstriyel&nbsp; tar\u0131m\u0131n gerekli oldu\u011fu alg\u0131s\u0131n\u0131 yaymaya \u00e7al\u0131\u015f\u0131yor. \u00dclkemizde seksenli y\u0131llar d\u00fcnyada ise ye\u015fil devrimle&nbsp; birlikte ortaya at\u0131lan bu kavramla d\u00fcnya kaynaklar\u0131n\u0131n s\u0131n\u0131rl\u0131 oldu\u011fu ve a\u00e7l\u0131k tehlikesiyle y\u00fcz y\u00fcze&nbsp; oldu\u011fumuz vurgulan\u0131yor. Bir anlamda evet d\u00fcnya genelinde g\u0131da krizi ile kar\u015f\u0131 kar\u015f\u0131yay\u0131z diyebiliriz. Ancak meselenin i\u00e7 y\u00fcz\u00fcn\u00fc ara\u015ft\u0131rd\u0131\u011f\u0131m\u0131zda g\u0131da krizinin arkas\u0131nda bir avu\u00e7 elitin d\u00fcnya kaynaklar\u0131n\u0131&nbsp; kontrol etti\u011fi ger\u00e7e\u011fiyle y\u00fczle\u015fmi\u015f oluruz.&nbsp;<\/p>\n\n\n\n<p>&nbsp;<\/p>\n\n\n\n<div id=\"section-gec9ba7\" class=\"wp-block-gutentor-e6 section-gec9ba7 gutentor-element gutentor-element-image\"><div class=\"gutentor-element-image-box\"><div class=\"gutentor-image-thumb\"><img class=\"normal-image\" src=\"http:\/\/yerdenizkooperatifi.org\/wp-content\/uploads\/2021\/02\/gida_krizi_soylesi2.jpg\"\/><\/div><\/div><\/div>\n\n\n\n<p>Oxfam taraf\u0131ndan yap\u0131lan ara\u015ft\u0131rmaya g\u00f6re d\u00fcnyadaki 8 milyarderin geliri, 3.6 milyar insan\u0131n gelirine&nbsp; denk d\u00fc\u015f\u00fcyor. Ayn\u0131 ara\u015ft\u0131rmada 2008 y\u0131l\u0131nda 1128 olan milyarder say\u0131s\u0131n\u0131n 2018\u2019de 2 kat artarak&nbsp; 2208\u2019e \u00e7\u0131kt\u0131\u011f\u0131 da belirtiliyor. Yine bu zenginlerin gelirlerinin binde 5\u2019i ile 262 milyon \u00e7ocu\u011fun e\u011fitim&nbsp; giderinin kar\u015f\u0131lanaca\u011f\u0131 ya da 3.3 milyon insan\u0131n sa\u011fl\u0131k hizmetinden yararlanabilece\u011fi gibi veriler, kaynaklar\u0131n adil payla\u015f\u0131lmad\u0131\u011f\u0131n\u0131 g\u00f6zler \u00f6n\u00fcne seriyor&#8230;&nbsp;<\/p>\n\n\n\n<p>G\u0131da krizinin nedenlerini ba\u015fl\u0131klar haline getirirsek;&nbsp;<\/p>\n\n\n\n<p>\u2022 \u0130klim felaketi ve kurakl\u0131k&nbsp;<\/p>\n\n\n\n<p>\u2022 Tar\u0131msal \u00fcr\u00fcnle sto\u011funun d\u00fcnya genelinden kald\u0131r\u0131lmas\u0131&nbsp;<\/p>\n\n\n\n<p>\u2022 End\u00fcstriyel tar\u0131m ve tekelle\u015fme&nbsp;<\/p>\n\n\n\n<p>\u2022 Tar\u0131m \u00fcr\u00fcnlerinde ihracata dayal\u0131 \u00fcretim&nbsp;<\/p>\n\n\n\n<p>\u2022 T\u00fcketim al\u0131\u015fkanl\u0131klar\u0131n\u0131n de\u011fi\u015fmesi&nbsp;<\/p>\n\n\n\n<p>\u2022 G\u0131da \u00fczerine yap\u0131lan finansal spek\u00fclasyon&nbsp;<\/p>\n\n\n\n<p>\u2022 G\u0131da yerine bio yak\u0131t \u00fcr\u00fcnlerinin yeti\u015ftirilmesi&nbsp;<\/p>\n\n\n\n<p>\u2022 Toprak ve su gasp\u0131, ekolojik y\u0131k\u0131m&nbsp;<\/p>\n\n\n\n<p>\u00d6zellikle DT\u00d6 ile birlikte \u00fclkelere dayat\u0131lan GATT ticaret anla\u015fmalar\u0131, \u00fclke kaynaklar\u0131n\u0131 uluslararas\u0131&nbsp; rekabete a\u00e7t\u0131. Piyasa ekonomisi de denilen bu d\u00fczende \u00f6zellikle tekelci \u015firketler lehine \u00e7\u0131kar\u0131lan yasalarla \u00fclke kaynaklar\u0131n\u0131n bir avu\u00e7 \u015firketin elinde toplanmas\u0131n\u0131n yolu a\u00e7\u0131ld\u0131.&nbsp;<\/p>\n\n\n\n<p>Eskiden TMO \u00e7ift\u00e7ilerin mal\u0131n\u0131 alarak depolar bir sonraki sene olas\u0131 kurakl\u0131k etkisine kar\u015f\u0131 fiyat&nbsp; garantisi sa\u011flard\u0131. Ofis \u00e7ift\u00e7inin kara g\u00fcn dostu olarak bilinirdi. Ancak mevcut anla\u015fmalar tar\u0131msal&nbsp; \u00fcr\u00fcnlerin stoklanmas\u0131n\u0131 yasaklad\u0131\u011f\u0131 i\u00e7in, fiyatlar spek\u00fclasyonlarla belirlendi\u011fi, \u00fcr\u00fcnler arac\u0131lar \u00fczerinden pazarlara\/marketlere getirildi\u011fi i\u00e7in ne \u00fcretici kazanabiliyor ne de t\u00fcketici adil fiyatl\u0131 \u00fcr\u00fcnlere&nbsp; ula\u015fabiliyor. Afrika\u2019da 80&#8217;li y\u0131llar\u0131n sonuna do\u011fru ba\u015flayan a\u00e7l\u0131\u011f\u0131n ard\u0131nda \u00f6zellikle ulus\u00f6tesi \u015firketlerce&nbsp; dayat\u0131lan tar\u0131m \u00fcr\u00fcnlerinin depolanmamas\u0131 var.&nbsp;<\/p>\n\n\n\n<p>\u00dclkemizde 90\u2019l\u0131 y\u0131llarda d\u00fcnyada ise 2015 senesi itibar\u0131yla kent n\u00fcfusu k\u0131r n\u00fcfusunu ge\u00e7ti. \u00c7ift\u00e7iler girdi maliyetlerini kar\u015f\u0131layamad\u0131klar\u0131, \u00fcr\u00fcnlerini satamad\u0131klar\u0131 i\u00e7in kent \u00e7eperlerinin yoksul i\u015f\u00e7ileri&nbsp; oldular. Kentteki bu y\u0131\u011f\u0131lma da t\u00fcketim al\u0131\u015fkanl\u0131klar\u0131n\u0131n de\u011fi\u015fmesiyle birlikte kendi g\u0131das\u0131n\u0131 \u00fcreten&nbsp; de\u011fil, haz\u0131r paketli h\u0131zl\u0131 \u00fcr\u00fcnleri t\u00fcketen bir nesil olu\u015fturdu. K\u00f6yl\u00fc ve kentli topraktan uzakla\u015farak&nbsp; tekelci b\u00fcy\u00fck firmalar\u0131n insaf\u0131na b\u0131rak\u0131l\u0131r hale getirildi. Her ne kadar tar\u0131mda tekelle\u015fme h\u0131zlansa da&nbsp; hala d\u00fcnya n\u00fcfusunun % 70\u2019i neredeyse hi\u00e7 kimyasal kullanmadan kendi g\u0131das\u0131n\u0131 \u00fcretebiliyor&#8230;&nbsp;<\/p>\n\n\n\n<div id=\"section-g3128c8\" class=\"wp-block-gutentor-e6 section-g3128c8 gutentor-element gutentor-element-image\"><div class=\"gutentor-element-image-box\"><div class=\"gutentor-image-thumb\"><img class=\"normal-image\" src=\"http:\/\/yerdenizkooperatifi.org\/wp-content\/uploads\/2021\/02\/gida_krizi_soylesi.jpg\"\/><\/div><\/div><\/div>\n\n\n\n<p>Forex piyasalar ad\u0131 verilen piyasalarda kar getirisi y\u00fcksek olarak g\u00f6r\u00fclen bu\u011fday ve m\u0131s\u0131r\u0131n al\u0131m sat\u0131m\u0131&nbsp; yap\u0131larak fiyatlar belirleniyor. T\u00fcrev piyasalarda denilen bu olu\u015fumlarda yarat\u0131lan spek\u00fclasyonlarla&nbsp; birlikte g\u0131da fiyatlar\u0131 s\u00fcrekli art\u0131yor&#8230; Bir de \u00fcreticiden t\u00fcketiciye gelene dek \u00e7e\u015fitli arac\u0131lar g\u0131da&nbsp; fiyatlar\u0131n\u0131n artmas\u0131na neden oluyor. \u00c7ift\u00e7iden 1 tl\u2019ye al\u0131nan biber sevkiyat\u00e7\u0131, hal, depocu gibi arac\u0131lardan ge\u00e7erek 2.8 tl ye t\u00fcketiciye ula\u015f\u0131yor. Devlet \u015fu anda yeni hal yasas\u0131 \u00e7\u0131kararak aradaki bu arac\u0131lar\u0131 teke indirmeyi ve tek bir arac\u0131 ile \u00fcr\u00fcn\u00fc t\u00fcketiciye ula\u015ft\u0131rmay\u0131 hedefliyor. Sevkiyat\u00e7\u0131lar ve haller ise bu yasa ge\u00e7erse k\u00fc\u00e7\u00fck \u00fcreticinin \u00fcr\u00fcn\u00fcn\u00fc satamayaca\u011f\u0131n\u0131 ve bitece\u011fini&nbsp; s\u00f6yl\u00fcyorlar.&nbsp;&nbsp;<\/p>\n\n\n\n<p>Bizler ise bu konuda \u00fcretim ve t\u00fcketim alan\u0131nda kooperatifle\u015fmeyi savunursak, hallerin\u00a0 kooperatifle\u015fmesini savunursak temiz, sa\u011fl\u0131kl\u0131 g\u0131dalara adil fiyatlarla ula\u015fabiliriz&#8230; Tabi ki bu da\u00a0 \u00f6rg\u00fctlenerek ve g\u0131da egemenli\u011fi ile m\u00fcmk\u00fcn&#8230;\u00a0<\/p>\n\n\n\n\n\n<div id=\"section-g7c61e7\" class=\"wp-block-gutentor-e6 section-g7c61e7 gutentor-element gutentor-element-image\"><div class=\"gutentor-element-image-box\"><div class=\"gutentor-image-thumb\"><img class=\"normal-image\" src=\"http:\/\/yerdenizkooperatifi.org\/wp-content\/uploads\/2021\/02\/toplanti_duyurusu_12.jpg\"\/><\/div><\/div><\/div>\n\n\n\n<p><\/p>\n","protected":false},"excerpt":{"rendered":"<p>Uzun s\u00fcredir kamuoyunun g\u00fcndeminde olan G\u0131da Krizi daha \u00e7ok n\u00fcfus art\u0131\u015f\u0131na ba\u011flanarak end\u00fcstriyel&nbsp; tar\u0131m\u0131n gerekli oldu\u011fu alg\u0131s\u0131n\u0131 yaymaya \u00e7al\u0131\u015f\u0131yor. \u00dclkemizde<\/p>\n","protected":false},"author":1,"featured_media":941,"comment_status":"open","ping_status":"open","sticky":false,"template":"","format":"standard","meta":[],"categories":[46,39],"tags":[33,34,37],"gutentor_comment":0,"_links":{"self":[{"href":"https:\/\/yerdenizkooperatifi.org\/index.php\/wp-json\/wp\/v2\/posts\/940"}],"collection":[{"href":"https:\/\/yerdenizkooperatifi.org\/index.php\/wp-json\/wp\/v2\/posts"}],"about":[{"href":"https:\/\/yerdenizkooperatifi.org\/index.php\/wp-json\/wp\/v2\/types\/post"}],"author":[{"embeddable":true,"href":"https:\/\/yerdenizkooperatifi.org\/index.php\/wp-json\/wp\/v2\/users\/1"}],"replies":[{"embeddable":true,"href":"https:\/\/yerdenizkooperatifi.org\/index.php\/wp-json\/wp\/v2\/comments?post=940"}],"version-history":[{"count":9,"href":"https:\/\/yerdenizkooperatifi.org\/index.php\/wp-json\/wp\/v2\/posts\/940\/revisions"}],"predecessor-version":[{"id":1406,"href":"https:\/\/yerdenizkooperatifi.org\/index.php\/wp-json\/wp\/v2\/posts\/940\/revisions\/1406"}],"wp:featuredmedia":[{"embeddable":true,"href":"https:\/\/yerdenizkooperatifi.org\/index.php\/wp-json\/wp\/v2\/media\/941"}],"wp:attachment":[{"href":"https:\/\/yerdenizkooperatifi.org\/index.php\/wp-json\/wp\/v2\/media?parent=940"}],"wp:term":[{"taxonomy":"category","embeddable":true,"href":"https:\/\/yerdenizkooperatifi.org\/index.php\/wp-json\/wp\/v2\/categories?post=940"},{"taxonomy":"post_tag","embeddable":true,"href":"https:\/\/yerdenizkooperatifi.org\/index.php\/wp-json\/wp\/v2\/tags?post=940"}],"curies":[{"name":"wp","href":"https:\/\/api.w.org\/{rel}","templated":true}]}}