{"id":951,"date":"2019-08-10T22:40:00","date_gmt":"2019-08-10T22:40:00","guid":{"rendered":"http:\/\/yerdenizkooperatifi.org\/?p=951"},"modified":"2021-03-30T13:09:56","modified_gmt":"2021-03-30T13:09:56","slug":"yerdeniz-kooperatifiyle-bir-araya-geldik","status":"publish","type":"post","link":"https:\/\/yerdenizkooperatifi.org\/index.php\/2019\/08\/10\/yerdeniz-kooperatifiyle-bir-araya-geldik\/","title":{"rendered":"YerDeniz Kooperatifi&#8217;yle Bir Araya Geldik"},"content":{"rendered":"\n<p>YerDeniz Kooperatifi&#8217;ne ziyarete giderek kahvalt\u0131 e\u015fli\u011finde sohbet ettik. Kahvalt\u0131 sonras\u0131 kendi \u00e7al\u0131\u015fmam\u0131z hakk\u0131nda&nbsp; bilgi verdik. Mali ve idari i\u015flerlerle ilgili akl\u0131m\u0131za tak\u0131lan sorular\u0131 sorduk ve YerDeniz Kooperatifi&#8217;nin pratik i\u015fleyi\u015fi ve \u00e7al\u0131\u015fmalar\u0131 hakk\u0131nda bilgi ald\u0131k.&nbsp;<\/p>\n\n\n\n<p>&nbsp;<\/p>\n\n\n\n<div id=\"section-g3f79b0\" class=\"wp-block-gutentor-e6 section-g3f79b0 gutentor-element gutentor-element-image\"><div class=\"gutentor-element-image-box\"><div class=\"gutentor-image-thumb\"><img class=\"normal-image\" src=\"http:\/\/yerdenizkooperatifi.org\/wp-content\/uploads\/2021\/02\/yd_kv_5-scaled.jpg\"\/><\/div><\/div><\/div>\n\n\n\n<p>Bu toplant\u0131 G\u00f6ztepe Kooperatifi&#8217;nin gelece\u011fine y\u00f6n veren \u00f6nemli toplant\u0131lardan biri oldu. Bundan sonras\u0131 i\u00e7in tek ba\u015f\u0131m\u0131za bir kooperatif olmaktansa, kendi i\u00e7erisinde \u00f6zerk, mali ve idari i\u015fler i\u00e7in YerDeniz Kooperatifi\u2019nin bir \u015fubesi olarak devam etme karar\u0131 ald\u0131k. \u0130leride ba\u011f\u0131ms\u0131z bir kooperatif olmak istersek de bunu yapabilece\u011fimiz bir modeli YerDeniz Kooperatifi ile birlikte kurgulad\u0131k. Bir yandan kendi mahallemizde bir mekan arayacak, di\u011fer yandan YerDeniz Kooperatifi&#8217;nde staj yaparak deneyimlerimizi art\u0131rmak hedefleriyle, G\u00f6ztepe Kooperatifi&#8217;nin yeni temellerini atm\u0131\u015f olduk.<\/p>\n\n\n\n<div id=\"section-g9ed7b2\" class=\"wp-block-gutentor-e6 section-g9ed7b2 gutentor-element gutentor-element-image\"><div class=\"gutentor-element-image-box\"><div class=\"gutentor-image-thumb\"><img class=\"normal-image\" src=\"http:\/\/yerdenizkooperatifi.org\/wp-content\/uploads\/2021\/02\/yd_kv_1.jpg\"\/><\/div><\/div><\/div>\n","protected":false},"excerpt":{"rendered":"<p>YerDeniz Kooperatifi&#8217;ne ziyarete giderek kahvalt\u0131 e\u015fli\u011finde sohbet ettik. Kahvalt\u0131 sonras\u0131 kendi \u00e7al\u0131\u015fmam\u0131z hakk\u0131nda&nbsp; bilgi verdik. Mali ve idari i\u015flerlerle ilgili<\/p>\n","protected":false},"author":1,"featured_media":952,"comment_status":"open","ping_status":"open","sticky":false,"template":"","format":"standard","meta":[],"categories":[46,39],"tags":[34,37,36],"gutentor_comment":0,"_links":{"self":[{"href":"https:\/\/yerdenizkooperatifi.org\/index.php\/wp-json\/wp\/v2\/posts\/951"}],"collection":[{"href":"https:\/\/yerdenizkooperatifi.org\/index.php\/wp-json\/wp\/v2\/posts"}],"about":[{"href":"https:\/\/yerdenizkooperatifi.org\/index.php\/wp-json\/wp\/v2\/types\/post"}],"author":[{"embeddable":true,"href":"https:\/\/yerdenizkooperatifi.org\/index.php\/wp-json\/wp\/v2\/users\/1"}],"replies":[{"embeddable":true,"href":"https:\/\/yerdenizkooperatifi.org\/index.php\/wp-json\/wp\/v2\/comments?post=951"}],"version-history":[{"count":6,"href":"https:\/\/yerdenizkooperatifi.org\/index.php\/wp-json\/wp\/v2\/posts\/951\/revisions"}],"predecessor-version":[{"id":1355,"href":"https:\/\/yerdenizkooperatifi.org\/index.php\/wp-json\/wp\/v2\/posts\/951\/revisions\/1355"}],"wp:featuredmedia":[{"embeddable":true,"href":"https:\/\/yerdenizkooperatifi.org\/index.php\/wp-json\/wp\/v2\/media\/952"}],"wp:attachment":[{"href":"https:\/\/yerdenizkooperatifi.org\/index.php\/wp-json\/wp\/v2\/media?parent=951"}],"wp:term":[{"taxonomy":"category","embeddable":true,"href":"https:\/\/yerdenizkooperatifi.org\/index.php\/wp-json\/wp\/v2\/categories?post=951"},{"taxonomy":"post_tag","embeddable":true,"href":"https:\/\/yerdenizkooperatifi.org\/index.php\/wp-json\/wp\/v2\/tags?post=951"}],"curies":[{"name":"wp","href":"https:\/\/api.w.org\/{rel}","templated":true}]}}