{"id":960,"date":"2018-11-27T23:03:00","date_gmt":"2018-11-27T23:03:00","guid":{"rendered":"http:\/\/yerdenizkooperatifi.org\/?p=960"},"modified":"2021-03-30T12:56:50","modified_gmt":"2021-03-30T12:56:50","slug":"kooperatif-hakkinda-sohbet-ettik","status":"publish","type":"post","link":"https:\/\/yerdenizkooperatifi.org\/index.php\/2018\/11\/27\/kooperatif-hakkinda-sohbet-ettik\/","title":{"rendered":"Kooperatif Hakk\u0131nda Sohbet Ettik"},"content":{"rendered":"\n<p>Ortaklar\u0131n belirli ekonomik menfaatlerini ve \u00f6zellikle meslek veya ge\u00e7imlerine ait ihtiya\u00e7lar\u0131n\u0131 i\u015f g\u00fcc\u00fc&nbsp; ve parasal katk\u0131lar\u0131yla kar\u015f\u0131l\u0131kl\u0131 yard\u0131m ve dayan\u0131\u015fmayla sa\u011flan\u0131p korumak amac\u0131yla ger\u00e7ek ve&nbsp; t\u00fczel ki\u015filer taraf\u0131ndan kurulan ortakl\u0131klara kooperatif deniliyor&#8230;&nbsp;<\/p>\n\n\n\n<p>D\u00fcnya genelinde kooperatiflerin ilk kurulmas\u0131 1844 y\u0131l\u0131nda ba\u015fl\u0131yor. \u00dclkemizde ise ilk kurulan&nbsp; kooperatifler Osmanl\u0131 zaman\u0131nda 1863 y\u0131l\u0131ndaki yard\u0131m sand\u0131klar\u0131 arac\u0131l\u0131\u011f\u0131yla oluyor. Ve zamanla&nbsp; kooperatifler Uluslararas\u0131 Kooperatifler Birli\u011fi \u00e7at\u0131s\u0131 alt\u0131nda yerelden ulusala, ulusaldan d\u00fcnya&nbsp; \u00f6l\u00e7e\u011fine tepe bir \u00f6rg\u00fct \u015femsiyesi alt\u0131nda bir araya geliyorlar.&nbsp;<\/p>\n\n\n\n<p>Uluslararas\u0131 Kooperatifler Birli\u011fi\u2019nin belirledi\u011fi 6 temel ilke,&nbsp;&nbsp;<\/p>\n\n\n\n<p>1- Kooperatif bir ama\u00e7 de\u011fil ara\u00e7&nbsp;<\/p>\n\n\n\n<p>2- Kooperatiflerde g\u00f6n\u00fcll\u00fcl\u00fck esas&nbsp;<\/p>\n\n\n\n<p>3- Kooperatiflerde demokratik bir i\u00e7 y\u00f6netim vard\u0131r&nbsp;<\/p>\n\n\n\n<p>4- Kooperatifler \u00f6zerk ve ba\u011f\u0131ms\u0131zd\u0131r&nbsp;<\/p>\n\n\n\n<p>5- Kooperatifler toplumsal dayan\u0131\u015fmay\u0131 esas al\u0131r&nbsp;<\/p>\n\n\n\n<p>6- Kooperatifler ekonomik ama\u00e7l\u0131 olarak kurulur ama ortaklar\u0131n sosyal ve k\u00fclt\u00fcrel ihtiya\u00e7lar\u0131n\u0131 da kar\u015f\u0131lar<\/p>\n\n\n\n<p>Bug\u00fcn d\u00fcnyada ve \u00fclkemizde yer alan kooperatifler bu 6 temel ilkeye g\u00f6re \u015fekilleniyor. Kooperatifler&nbsp; ortaklar aras\u0131ndaki g\u00fcven ve sorumluluk ili\u015fkisi \u00fczerinden y\u00fcr\u00fct\u00fcl\u00fcyor. D\u00fcnya genelinde \u00fcretim ve&nbsp; hizmetlerin y\u00fczde 70\u2019i kooperatifler taraf\u0131ndan kar\u015f\u0131lan\u0131yor.&nbsp;<\/p>\n\n\n\n<p>Kooperatifler sahibi, y\u00f6neteni, m\u00fc\u015fterisi, tedarik\u00e7isi, patronu, i\u015f\u00e7isi gibi ayr\u0131mlar\u0131 olmayan, t\u00fcm&nbsp; yap\u0131s\u0131n\u0131n ortaklar \u00fczerinden temellendirilmesi, ortaklar\u0131n kooperatif kat\u0131l\u0131m pay\u0131 say\u0131s\u0131 ne olursa olsun y\u00f6netimde 1 oy hakk\u0131na sahip olmas\u0131, daha \u00e7ok ortaklar\u0131n temel ihtiya\u00e7lar\u0131n\u0131 kar\u015f\u0131lamak i\u00e7in kurulmas\u0131&nbsp; gibi y\u00f6nlerden \u015firketlerden ayr\u0131l\u0131rlar.&nbsp;&nbsp;<\/p>\n\n\n\n<div id=\"section-g7450e3\" class=\"wp-block-gutentor-e6 section-g7450e3 gutentor-element gutentor-element-image\"><div class=\"gutentor-element-image-box\"><div class=\"gutentor-image-thumb\"><img class=\"normal-image\" src=\"http:\/\/yerdenizkooperatifi.org\/wp-content\/uploads\/2021\/02\/IMG-20180313-WA0036.jpg\"\/><\/div><\/div><\/div>\n\n\n\n<p>T\u00fcrlerine g\u00f6re \u00e7e\u015fitlilik g\u00f6sterseler de kooperatifler temel olarak 3 bakanl\u0131\u011fa ba\u011flanm\u0131\u015ft\u0131r. G\u00fcmr\u00fck ve Ticaret&nbsp; Bakanl\u0131\u011f\u0131\u2019na ba\u011fl\u0131 olan kooperatifler (t\u00fcketim kooperatifleri, kad\u0131n kooperatifleri, temin tevzi&nbsp; kooperatifleri, dayan\u0131\u015fma ve hizmet kooperatifleri, yenilenebilir enerji, karayolu y\u00fck ta\u015f\u0131ma, kredi&nbsp; kefalet vb.) G\u0131da Tar\u0131m ve Hayvanc\u0131l\u0131k Bakanl\u0131\u011f\u0131\u2019na ba\u011fl\u0131 kooperatifler (tar\u0131msal kalk\u0131nma kooperatifi,&nbsp; su \u00fcr\u00fcnleri kooperatifi, sulama kooperatifleri vb.) \u00c7evre ve \u015eehircilik Bakanl\u0131\u011f\u0131\u2019na ba\u011fl\u0131 kooperatifler (yap\u0131 kooperatifleri)&nbsp;<\/p>\n\n\n\n<p>Sohbetimizde kooperatifler ve \u00fcst birlikler hakk\u0131nda a\u015fa\u011f\u0131daki \u00f6rneklerde oldu\u011fu gibi \u00e7e\u015fitli istatistik bilgiler payla\u015f\u0131ld\u0131&#8230;&nbsp;<\/p>\n\n\n\n<p><em>T\u00fcrlerine g\u00f6re faal olan kooperatifler,&nbsp;<\/em><\/p>\n\n\n\n<p><em><img loading=\"lazy\" src=\"https:\/\/lh5.googleusercontent.com\/nnd-mwm8yjDQ6R57cz8RTT5cfn4NRLnlyh12Xcm0uQSTzqvPvOoreuuZK_3rMWechG0bJVuhmnnqhzesGrzbqTchsWI3qKimF1blAcsFCrn6roqTOsWC4ot-k-MyFggQ4Uxq84p6\" width=\"593\" height=\"285\"><\/em><\/p>\n\n\n\n<p><em><\/em><em>T\u00fcrlerine g\u00f6re faal olan kooperatif \u00fcst birlikleri,<\/em><\/p>\n\n\n\n<figure class=\"wp-block-image\"><img src=\"https:\/\/lh6.googleusercontent.com\/ik7Ww3WBxAUiUnZ_wv07QcvysYywAqlWcZkpbbATGpG99KUNjJEUVk5f90BJGNnNaBYLqikCi90JkfkTAiFlaMder9a7jCw7yuIXs8BQYycvdwoW7m7RZroc4CykzAfSNgqcM6R3\" alt=\"\"\/><\/figure>\n\n\n\n<p>Kooperatiflerin organlar\u0131n\u0131n, (Genel Kurul, Y\u00f6netim Kurulu, Denetim Kurulu vb.) \u00e7al\u0131\u015fmas\u0131, se\u00e7ilmesi konular\u0131 ile kooperatiflerin kurulmas\u0131, faaliyet alanlar\u0131, ortakl\u0131k paylar\u0131, ortakl\u0131\u011fa kabul edilme, ortakl\u0131ktan ayr\u0131lma, mali konular gibi \u00f6nemli ba\u015fl\u0131klar da konu\u015fuldu.<\/p>\n\n\n\n<p>Sunumun ard\u0131ndan kat\u0131l\u0131mc\u0131lar\u0131n sorular\u0131 \u00fczerinden sohbet ettik. Kendi kuraca\u011f\u0131m\u0131z kooperatifle ilgili ne t\u00fcr konulara dikkat etmemiz gerekti\u011fi ve farkl\u0131 kooperatiflerde i\u015fleyen s\u00fcre\u00e7ler hakk\u0131nda bilgi al\u0131\u015fveri\u015finde bulunduk.<\/p>\n\n\n\n<div id=\"section-ga75019\" class=\"wp-block-gutentor-e6 section-ga75019 gutentor-element gutentor-element-image\"><div class=\"gutentor-element-image-box\"><div class=\"gutentor-image-thumb\"><img class=\"normal-image\" src=\"http:\/\/yerdenizkooperatifi.org\/wp-content\/uploads\/2021\/02\/goztepe_toplanti_duyuru_10.jpg\"\/><\/div><\/div><\/div>\n","protected":false},"excerpt":{"rendered":"<p>Ortaklar\u0131n belirli ekonomik menfaatlerini ve \u00f6zellikle meslek veya ge\u00e7imlerine ait ihtiya\u00e7lar\u0131n\u0131 i\u015f g\u00fcc\u00fc&nbsp; ve parasal katk\u0131lar\u0131yla kar\u015f\u0131l\u0131kl\u0131 yard\u0131m ve dayan\u0131\u015fmayla<\/p>\n","protected":false},"author":1,"featured_media":962,"comment_status":"open","ping_status":"open","sticky":false,"template":"","format":"standard","meta":[],"categories":[46,39],"tags":[34,37],"gutentor_comment":0,"_links":{"self":[{"href":"https:\/\/yerdenizkooperatifi.org\/index.php\/wp-json\/wp\/v2\/posts\/960"}],"collection":[{"href":"https:\/\/yerdenizkooperatifi.org\/index.php\/wp-json\/wp\/v2\/posts"}],"about":[{"href":"https:\/\/yerdenizkooperatifi.org\/index.php\/wp-json\/wp\/v2\/types\/post"}],"author":[{"embeddable":true,"href":"https:\/\/yerdenizkooperatifi.org\/index.php\/wp-json\/wp\/v2\/users\/1"}],"replies":[{"embeddable":true,"href":"https:\/\/yerdenizkooperatifi.org\/index.php\/wp-json\/wp\/v2\/comments?post=960"}],"version-history":[{"count":5,"href":"https:\/\/yerdenizkooperatifi.org\/index.php\/wp-json\/wp\/v2\/posts\/960\/revisions"}],"predecessor-version":[{"id":1403,"href":"https:\/\/yerdenizkooperatifi.org\/index.php\/wp-json\/wp\/v2\/posts\/960\/revisions\/1403"}],"wp:featuredmedia":[{"embeddable":true,"href":"https:\/\/yerdenizkooperatifi.org\/index.php\/wp-json\/wp\/v2\/media\/962"}],"wp:attachment":[{"href":"https:\/\/yerdenizkooperatifi.org\/index.php\/wp-json\/wp\/v2\/media?parent=960"}],"wp:term":[{"taxonomy":"category","embeddable":true,"href":"https:\/\/yerdenizkooperatifi.org\/index.php\/wp-json\/wp\/v2\/categories?post=960"},{"taxonomy":"post_tag","embeddable":true,"href":"https:\/\/yerdenizkooperatifi.org\/index.php\/wp-json\/wp\/v2\/tags?post=960"}],"curies":[{"name":"wp","href":"https:\/\/api.w.org\/{rel}","templated":true}]}}