{"id":964,"date":"2018-12-15T23:55:00","date_gmt":"2018-12-15T23:55:00","guid":{"rendered":"http:\/\/yerdenizkooperatifi.org\/?p=964"},"modified":"2021-03-30T12:52:34","modified_gmt":"2021-03-30T12:52:34","slug":"food-coop-film-gosterimi-duzenledik","status":"publish","type":"post","link":"https:\/\/yerdenizkooperatifi.org\/index.php\/2018\/12\/15\/food-coop-film-gosterimi-duzenledik\/","title":{"rendered":"Food Coop Film G\u00f6sterimi D\u00fczenledik"},"content":{"rendered":"\n<p>G\u00f6ztepe Kooperatifi Giri\u015fimi olarak 15 Aral\u0131k 2018\u2019de, Kad\u0131k\u00f6y Kent Konseyi toplant\u0131 salonunda &nbsp;\u201cFood Coop\u201d belgesel filminin g\u00f6sterimini d\u00fczenledik. ABD&#8217;de 1973 y\u0131l\u0131nda kurulmu\u015f olan &#8220;Park Slope&#8221; kooperatifini anlatan film, kooperatiflerin olanaklar\u0131 ve zorluklar\u0131 \u00fczerine olduk\u00e7a kafa a\u00e7\u0131c\u0131 pratikler bar\u0131nd\u0131r\u0131yor.<\/p>\n\n\n\n<div id=\"section-gc31a0d\" class=\"wp-block-gutentor-e6 section-gc31a0d gutentor-element gutentor-element-image\"><div class=\"gutentor-element-image-box\"><div class=\"gutentor-image-thumb\"><img class=\"normal-image\" src=\"http:\/\/yerdenizkooperatifi.org\/wp-content\/uploads\/2021\/02\/food_coop_film.jpg\"\/><\/div><\/div><\/div>\n\n\n\n<p>Hali haz\u0131rda kentsel d\u00f6n\u00fc\u015f\u00fcm k\u0131skac\u0131nda olan bir mahallede, temiz, sa\u011fl\u0131kl\u0131, adil fiyatl\u0131, arac\u0131s\u0131z g\u0131daya olan talebin g\u00f6n\u00fcll\u00fcl\u00fck temelinde y\u00fcr\u00fct\u00fclmesini izlerken ya\u015fad\u0131\u011f\u0131m\u0131z s\u0131k\u0131nt\u0131lar\u0131n ve baz\u0131 sorunlara buldu\u011fumuz \u00e7\u00f6z\u00fcmlerin ne kadar ortak oldu\u011funu g\u00f6rm\u00fc\u015f olduk. Kendi kurdu\u011fumuz \u00f6rg\u00fctlenmelerde s\u00fcreklili\u011fi sa\u011flamakta zorlan\u0131rken, 45 y\u0131ld\u0131r devam eden bir deneyimi izlemek olduk\u00e7a heyecan vericiydi. 16 Bin ortakl\u0131 bir kooperatif olmas\u0131 sebebiyle de b\u00fcy\u00fck \u00f6l\u00e7ekli \u00f6rg\u00fctlenmelerin nas\u0131l olmas\u0131 gerekti\u011fi konusunda bizlere ilham verdi.<\/p>\n\n\n\n<p>Film i\u00e7erisinde yer alan disiplin komitesi ise; bizim de olduk\u00e7a zorland\u0131\u011f\u0131m\u0131z sorumluluk alma konusuna \u00e7e\u015fitli \u00e7\u00f6z\u00fcmler sunuyor. G\u00fcn\u00fcm\u00fcz toplumunda en de\u011ferli varl\u0131k olarak g\u00f6r\u00fclen zaman meselesi film boyunca olduk\u00e7a iyi i\u015flenmi\u015f. Kooperatif, semt sakinlerinin \u00f6zne olmas\u0131n\u0131 sa\u011flarken, farkl\u0131 \u00e7e\u015fitte\/fiyatta \u00fcr\u00fcn tedarik ederek t\u00fcketim al\u0131\u015fkanl\u0131klar\u0131m\u0131z\u0131 da sorgulat\u0131yor. Film\u2019i izledikten sonra 2017 y\u0131l\u0131 Temmuz ay\u0131nda ba\u015flatt\u0131\u011f\u0131m\u0131z \u00e7al\u0131\u015fmam\u0131zla, mahallemizde dayan\u0131\u015fma temelli bir kooperatif kurma yolunda daha emin ad\u0131mlar ataca\u011f\u0131m\u0131z ku\u015fkusuz\u2026<\/p>\n\n\n\n<div id=\"section-g9cf1be\" class=\"wp-block-gutentor-e6 section-g9cf1be gutentor-element gutentor-element-image\"><div class=\"gutentor-element-image-box\"><div class=\"gutentor-image-thumb\"><img class=\"normal-image\" src=\"http:\/\/yerdenizkooperatifi.org\/wp-content\/uploads\/2021\/02\/foodcoop_film_afis.jpg\"\/><\/div><\/div><\/div>\n","protected":false},"excerpt":{"rendered":"<p>G\u00f6ztepe Kooperatifi Giri\u015fimi olarak 15 Aral\u0131k 2018\u2019de, Kad\u0131k\u00f6y Kent Konseyi toplant\u0131 salonunda &nbsp;\u201cFood Coop\u201d belgesel filminin g\u00f6sterimini d\u00fczenledik. ABD&#8217;de 1973<\/p>\n","protected":false},"author":1,"featured_media":966,"comment_status":"open","ping_status":"open","sticky":false,"template":"","format":"standard","meta":[],"categories":[46,39],"tags":[38,34,37],"gutentor_comment":0,"_links":{"self":[{"href":"https:\/\/yerdenizkooperatifi.org\/index.php\/wp-json\/wp\/v2\/posts\/964"}],"collection":[{"href":"https:\/\/yerdenizkooperatifi.org\/index.php\/wp-json\/wp\/v2\/posts"}],"about":[{"href":"https:\/\/yerdenizkooperatifi.org\/index.php\/wp-json\/wp\/v2\/types\/post"}],"author":[{"embeddable":true,"href":"https:\/\/yerdenizkooperatifi.org\/index.php\/wp-json\/wp\/v2\/users\/1"}],"replies":[{"embeddable":true,"href":"https:\/\/yerdenizkooperatifi.org\/index.php\/wp-json\/wp\/v2\/comments?post=964"}],"version-history":[{"count":4,"href":"https:\/\/yerdenizkooperatifi.org\/index.php\/wp-json\/wp\/v2\/posts\/964\/revisions"}],"predecessor-version":[{"id":1404,"href":"https:\/\/yerdenizkooperatifi.org\/index.php\/wp-json\/wp\/v2\/posts\/964\/revisions\/1404"}],"wp:featuredmedia":[{"embeddable":true,"href":"https:\/\/yerdenizkooperatifi.org\/index.php\/wp-json\/wp\/v2\/media\/966"}],"wp:attachment":[{"href":"https:\/\/yerdenizkooperatifi.org\/index.php\/wp-json\/wp\/v2\/media?parent=964"}],"wp:term":[{"taxonomy":"category","embeddable":true,"href":"https:\/\/yerdenizkooperatifi.org\/index.php\/wp-json\/wp\/v2\/categories?post=964"},{"taxonomy":"post_tag","embeddable":true,"href":"https:\/\/yerdenizkooperatifi.org\/index.php\/wp-json\/wp\/v2\/tags?post=964"}],"curies":[{"name":"wp","href":"https:\/\/api.w.org\/{rel}","templated":true}]}}