{"id":969,"date":"2018-06-08T09:52:00","date_gmt":"2018-06-08T09:52:00","guid":{"rendered":"http:\/\/yerdenizkooperatifi.org\/?p=969"},"modified":"2021-03-30T12:50:45","modified_gmt":"2021-03-30T12:50:45","slug":"yaz-paketi","status":"publish","type":"post","link":"https:\/\/yerdenizkooperatifi.org\/index.php\/2018\/06\/08\/yaz-paketi\/","title":{"rendered":"Yaz Paketi"},"content":{"rendered":"\n<p>Kooperatif \u00e7al\u0131\u015fmam\u0131z\u0131 teorik tart\u0131\u015fmalar\u0131n yan\u0131 s\u0131ra pratik i\u015flerle de \u00e7e\u015fitlendirdik. Bu pratik i\u015flerden biri olan paket \u00e7al\u0131\u015fmas\u0131 ile kendi yerelimizle g\u0131da \u00fczerinden bir araya gelirken, bir yandan da \u00fcr\u00fcnleri \/ \u00fcreticileri tan\u0131ma, lojistik \/ depolama gibi farkl\u0131 konularda deneyim elde etme imkan\u0131 bulduk. Yaz Paketi \u00e7al\u0131\u015fmas\u0131 ayn\u0131 zamanda Kooperatif D\u00fckkan\u0131 a\u00e7\u0131lmadan \u00f6nce ne t\u00fcr sorumluluklar\u0131m\u0131z olacak bizlere g\u00f6stermi\u015f oldu&#8230;<\/p>\n\n\n\n<div id=\"section-g064b7a\" class=\"wp-block-gutentor-e6 section-g064b7a gutentor-element gutentor-element-image\"><div class=\"gutentor-element-image-box\"><div class=\"gutentor-image-thumb\"><img class=\"normal-image\" src=\"http:\/\/yerdenizkooperatifi.org\/wp-content\/uploads\/2021\/03\/foto111-scaled.jpg\"\/><\/div><\/div><\/div>\n\n\n\n<p><strong>Yaz Paketi Tan\u0131t\u0131m Metnimiz;<\/strong><\/p>\n\n\n\n<p>2017 y\u0131l\u0131 Temmuz ay\u0131nda G\u00f6ztepe\u2019de kooperatif \u00e7al\u0131\u015fmas\u0131 yapmak amac\u0131yla ilk kez bir araya geldik. Eyl\u00fcl ay\u0131nda ise G\u00f6ztepe Mahallesi&#8217;nde ya\u015fayanlar olarak d\u00fczenli toplant\u0131lar yapmaya karar verdik. Bizler, temiz, sa\u011fl\u0131kl\u0131 \u00fcr\u00fcnlere arac\u0131s\u0131z, adil fiyatlarla ula\u015fmak gibi temel ilkelerle, a\u00e7\u0131k \u00e7a\u011fr\u0131l\u0131 toplant\u0131lar d\u00fczenliyor, t\u00fcketim al\u0131\u015fkanl\u0131klar\u0131m\u0131z, organik g\u0131da, g\u0131da egemenli\u011fi gibi konularda s\u00f6yle\u015filer yap\u0131yoruz. Mahallemizde kooperatif \u00e7al\u0131\u015fmalar\u0131na kat\u0131lmak isteyenlerle bulu\u015fmak, ayn\u0131 zamanda kolektif \u00e7al\u0131\u015fma pratikleri edinmek amac\u0131yla Haziran ay\u0131nda bir <strong>Yaz Paketi <\/strong>getirmeye karar verdik. Bu paketle birlikte sizlerin de bu \u00e7al\u0131\u015fmalarda yer almas\u0131n\u0131 ve kooperatifin bir par\u00e7as\u0131 olman\u0131z\u0131 umut ediyoruz\u2026<\/p>\n\n\n\n<p><strong>Yaz Paketi alarak;<\/strong> T\u00fcketici olmaktan \u00e7\u0131kacak, \u00fcr\u00fcnlerin \u00fcretim s\u00fcre\u00e7lerini bilece\u011fiz. \u00dcreticiyle birlikte \u00fcretimin bir par\u00e7as\u0131 olaca\u011f\u0131z. Bu paketle arac\u0131s\u0131z \u00fcr\u00fcn alm\u0131\u015f, g\u00f6n\u00fcll\u00fcl\u00fck ve e\u015fitlik d\u00fczleminde kolektif \u00e7al\u0131\u015fmada yer alm\u0131\u015f ve her \u015feyden \u00f6nce do\u011fan\u0131n ve ekolojik ya\u015fam\u0131n korunmas\u0131 i\u00e7in fark\u0131ndal\u0131k sa\u011flam\u0131\u015f olaca\u011f\u0131z. Hem sa\u011fl\u0131kl\u0131 ve nitelikli \u00fcr\u00fcnlere ula\u015faca\u011f\u0131z hem de toplumsal dayan\u0131\u015fmay\u0131 y\u00fckseltece\u011fiz\u2026<\/p>\n\n\n\n<p><strong>Yaz Paketi\u2019nde;<\/strong> Mu\u011fla\u2019n\u0131n Dat\u00e7a il\u00e7esinde bulunan S\u0131nd\u0131 K\u00f6y\u00fc Tar\u0131msal Kalk\u0131nma Kooperatifi\u2019nden 1 lt so\u011fuk s\u0131k\u0131m zeytinya\u011f\u0131, Trabzon\u2019un Of il\u00e7esinde yer alan \u00d6z\u00e7ay Kooperatifi\u2019nden 500 gr siyah filiz \u00e7ay ve \u0130stanbul Okmeydan\u0131\u2019nda yer alan ve Suriye\u2019den gelen m\u00fclteci kad\u0131nlar\u0131n ya\u015famlar\u0131n\u0131 bir nebze kolayla\u015ft\u0131racak ve kooperatif kurma haz\u0131rl\u0131\u011f\u0131ndaki Kad\u0131n Kad\u0131na M\u00fclteci Mutfa\u011f\u0131\u2019ndan elma, ayva ve balkaba\u011f\u0131 \u00e7e\u015fitlerinden olu\u015fan 200 gr re\u00e7el var\u2026 Daha az \u00e7\u00f6p \u00e7\u0131karmak i\u00e7in yaz paketini bez file ile da\u011f\u0131tmay\u0131 uygun g\u00f6rd\u00fck. Bez filenizi bundan sonraki al\u0131\u015fveri\u015flerinizde de kullanman\u0131z dile\u011fiyle\u2026<\/p>\n\n\n\n<p><strong>Kooperatif \u00c7al\u0131\u015fmas\u0131na Nas\u0131l Kat\u0131labilirim; <\/strong><\/p>\n\n\n\n<p>Onbe\u015f g\u00fcnde bir a\u00e7\u0131k \u00e7a\u011fr\u0131l\u0131 yapt\u0131\u011f\u0131m\u0131z d\u00fczenli toplant\u0131lar\u0131m\u0131za kat\u0131labilir, <\/p>\n\n\n\n<p><strong>gztpkoop@gmail.com<\/strong> adresine eposta atarak bizimle ileti\u015fime ge\u00e7ebilirsiniz.<\/p>\n\n\n\n<div id=\"section-g470ff1\" class=\"wp-block-gutentor-e6 section-g470ff1 gutentor-element gutentor-element-image\"><div class=\"gutentor-element-image-box\"><div class=\"gutentor-image-thumb\"><img class=\"normal-image\" src=\"http:\/\/yerdenizkooperatifi.org\/wp-content\/uploads\/2021\/03\/yaz_paketi.png\"\/><\/div><\/div><\/div>\n","protected":false},"excerpt":{"rendered":"<p>Kooperatif \u00e7al\u0131\u015fmam\u0131z\u0131 teorik tart\u0131\u015fmalar\u0131n yan\u0131 s\u0131ra pratik i\u015flerle de \u00e7e\u015fitlendirdik. Bu pratik i\u015flerden biri olan paket \u00e7al\u0131\u015fmas\u0131 ile kendi yerelimizle<\/p>\n","protected":false},"author":1,"featured_media":1235,"comment_status":"open","ping_status":"open","sticky":false,"template":"","format":"standard","meta":[],"categories":[39,47],"tags":[34,37],"gutentor_comment":0,"_links":{"self":[{"href":"https:\/\/yerdenizkooperatifi.org\/index.php\/wp-json\/wp\/v2\/posts\/969"}],"collection":[{"href":"https:\/\/yerdenizkooperatifi.org\/index.php\/wp-json\/wp\/v2\/posts"}],"about":[{"href":"https:\/\/yerdenizkooperatifi.org\/index.php\/wp-json\/wp\/v2\/types\/post"}],"author":[{"embeddable":true,"href":"https:\/\/yerdenizkooperatifi.org\/index.php\/wp-json\/wp\/v2\/users\/1"}],"replies":[{"embeddable":true,"href":"https:\/\/yerdenizkooperatifi.org\/index.php\/wp-json\/wp\/v2\/comments?post=969"}],"version-history":[{"count":9,"href":"https:\/\/yerdenizkooperatifi.org\/index.php\/wp-json\/wp\/v2\/posts\/969\/revisions"}],"predecessor-version":[{"id":1401,"href":"https:\/\/yerdenizkooperatifi.org\/index.php\/wp-json\/wp\/v2\/posts\/969\/revisions\/1401"}],"wp:featuredmedia":[{"embeddable":true,"href":"https:\/\/yerdenizkooperatifi.org\/index.php\/wp-json\/wp\/v2\/media\/1235"}],"wp:attachment":[{"href":"https:\/\/yerdenizkooperatifi.org\/index.php\/wp-json\/wp\/v2\/media?parent=969"}],"wp:term":[{"taxonomy":"category","embeddable":true,"href":"https:\/\/yerdenizkooperatifi.org\/index.php\/wp-json\/wp\/v2\/categories?post=969"},{"taxonomy":"post_tag","embeddable":true,"href":"https:\/\/yerdenizkooperatifi.org\/index.php\/wp-json\/wp\/v2\/tags?post=969"}],"curies":[{"name":"wp","href":"https:\/\/api.w.org\/{rel}","templated":true}]}}